{"id":68567,"date":"2019-11-25T15:01:42","date_gmt":"2019-11-25T20:01:42","guid":{"rendered":"https:\/\/linitiative.ca\/International\/passe-darmes-entre-lopposition-et-la-majorite-autour-des-auteurs-presumes-des-attaques-terroristes\/"},"modified":"2019-11-25T15:01:42","modified_gmt":"2019-11-25T20:01:42","slug":"passe-darmes-entre-lopposition-et-la-majorite-autour-des-auteurs-presumes-des-attaques-terroristes","status":"publish","type":"post","link":"https:\/\/linitiative.ca\/International\/passe-darmes-entre-lopposition-et-la-majorite-autour-des-auteurs-presumes-des-attaques-terroristes\/","title":{"rendered":"PASSE D\u2019ARMES ENTRE L\u2019OPPOSITION ET LA MAJORITE AUTOUR DES AUTEURS PRESUMES DES ATTAQUES TERRORISTES  \u00a0"},"content":{"rendered":"<div class=\"stream-item stream-item-above-post-content\">\n<p><noscript><\/p>\n<p><a href=\"\/\/www3.smartadserver.com\/ac?jump=1&#038;nwid=2136&#038;siteid=240610&#038;pgname=rg&#038;fmtid=49046&#038;visit=m&#038;tmstp=[timestamp]&#038;out=nonrich\" target=\"_blank\" rel=\"noopener noreferrer\"><img decoding=\"async\" src=\"\/\/www3.smartadserver.com\/ac?out=nonrich&#038;nwid=2136&#038;siteid=240610&#038;pgname=rg&#038;fmtid=49046&#038;visit=m&#038;tmstp=[timestamp]\" border=\"0\" alt=\"\"\/><\/a><\/p>\n<p><\/noscript><\/div>\n<p class=\"c3\">Il se passe aujourd\u2019hui un affrontement verbal, vif et anim\u00e9, entre la majorit\u00e9 et l\u2019opposition autour de l\u2019identit\u00e9 de ceux qui ont inscrit \u00a0pratiquement le Burkina \u00e0 l\u2019article de la mort, via les attaques terroristes. Pour les tenants du pouvoir, il ne fait pas l\u2019ombre d\u2019un doute que ceux qui se cachent derri\u00e8re ces attaques terroristes, sont tapis dans les rangs de l\u2019opposition et plus particuli\u00e8rement\u00a0 au sein de ceux qui ont perdu le pouvoir. En effet, lors d\u2019une \u00e9mission sur une cha\u00eene de t\u00e9l\u00e9 et de radio de la place, diffus\u00e9e le samedi 16 novembre dernier, Simon Compaor\u00e9 qui en \u00e9tait l\u2019invit\u00e9, a affirm\u00e9, la main sur le c\u0153ur, conna\u00eetre l\u2019identit\u00e9 de ceux qui attaquent le pays, leur profil et leurs lieux de r\u00e9sidence. Dans le m\u00eame registre, un autre cacique du pouvoir, Cl\u00e9ment Sawadogo, invite Eddie Kombo\u00efgo \u00e0 s\u2019adresser \u00e0 Djibrill Bassol\u00e9 s\u2019il veut conna\u00eetre ceux qui attaquent le Burkina. Ces deux personnalit\u00e9s savent certainement de quoi elles parlent, puisque non seulement elles sont des dinosaures du parti au pouvoir, mais aussi elles ont toutes les deux g\u00e9r\u00e9 les questions s\u00e9curitaires du Burkina en tant que ministre de la S\u00e9curit\u00e9. Ces allusions et insinuations ont fait bondir l\u2019opposition. Pour le CFOP, en effet, ce \u00ab\u00a0<em>disque est d\u00e9sormais ray\u00e9, aucun Burkinab\u00e8 ne croit encore \u00e0 ces accusations sans preuve\u00a0<\/em>\u00bb. \u00a0Et l\u2019opposition d\u2019ajouter, par la voix de son porte-parole du moment, Eddie Kombo\u00efgo, ceci\u00a0: \u00ab\u00a0<em>Puisque le MPP est au pouvoir et que ses plus hautes autorit\u00e9s connaissent o\u00f9 sont les terroristes mais les laissent massacrer les Burkinab\u00e8, nous sommes tent\u00e9s de nous demander si ce parti n\u2019est pas complice des ennemis de la Nation\u00a0<\/em>\u00bb. De ce fait, le CFOP souhaite que Simon Compaor\u00e9 soit entendu par la Justice pour r\u00e9tention de preuves.<\/p>\n<p><strong>Les d\u00e9clarations p\u00e9remptoires sont contre-productives pour \u00e9radiquer le fl\u00e9au<\/strong><\/p>\n<p><strong>\u00a0<\/strong><\/p>\n<p class=\"c3\">Dans le fonctionnement normal de la d\u00e9mocratie, les passes d\u2019armes entre la majorit\u00e9 et l\u2019opposition sont des actes qui ne choquent personne. D\u2019ailleurs, l\u2019on peut dire que la d\u00e9mocratie se nourrit des d\u00e9bats contradictoires entre l\u2019opposition et la majorit\u00e9, via l\u2019Assembl\u00e9e nationale et dans les m\u00e9dias. Mais dans le cas d\u2019esp\u00e8ce, il s\u2019agit d\u2019un sujet dont le traitement par les hommes politiques en particulier et les citoyens en g\u00e9n\u00e9ral, doit se faire avec lucidit\u00e9 et responsabilit\u00e9 pour faire face au p\u00e9ril, au risque de porter atteinte \u00e0 la n\u00e9cessaire coh\u00e9sion nationale d\u00e9j\u00e0 fragile. De ce point de vue, l\u2019on peut inviter la majorit\u00e9 et l\u2019opposition \u00e0 \u00e9viter de faire dans la provocation et d\u2019exploiter \u00e0 des fins bassement politiciennes, la question du terrorisme dans le pays. La majorit\u00e9 gagnerait, pour autant qu\u2019elle connaisse les noms des terroristes, \u00ab\u00a0<em>leurs profils\u00a0<\/em>\u00bb ainsi que <em>\u00ab\u00a0leur domicile<\/em>\u00bb, \u00e0 proc\u00e9der \u00e0 leur arrestation. Au cas o\u00f9 ils se planqueraient \u00e0 l\u2019ext\u00e9rieur, elle peut, par le truchement de la Justice, lancer un mandat d\u2019arr\u00eat contre eux. Et l\u2019on ne voit pas un seul pays sur cette plan\u00e8te qui prendrait le risque de ne pas coop\u00e9rer si les preuves sont accablantes. \u00a0\u00a0Les Burkinab\u00e8 ont commenc\u00e9 par se lasser voire s\u2019irriter \u00e0 force d\u2019entendre toujours la m\u00eame rengaine\u00a0: \u00ab\u00a0<em>Nous connaissons ceux qui nous attaquent\u00a0<\/em>\u00bb. De ce point de vue, l\u2019opposition est dans son bon droit de demander que soient entendus par la Justice, tous ceux qui mettent en musique cette chanson. Aujourd\u2019hui, on a besoin d\u2019avancer sur la question du terrorisme. Et les d\u00e9clarations p\u00e9remptoires et sans aucun fondement sur l\u2019identit\u00e9 des pr\u00e9sum\u00e9s terroristes, sont contre-productives pour \u00e9radiquer le fl\u00e9au. D\u2019ailleurs, tout ce que les terroristes souhaitent, c\u2019est de diviser les forces politiques et la Nation pour se donner plus de chances de fragiliser le Burkina. En tout cas\u00a0, ce genre de passes d\u2019armes, dans le contexte qui est le n\u00f4tre, n\u2019est pas opportun et cela d\u2019autant plus que nous venons de sortir d\u2019un dialogue politique dont l\u2019une des recommandations phares \u00e9tait justement que les\u00a0 partis politiques \u00e9vitent de se lancer\u00a0 des piques.<\/p>\n<p><strong><em>Sidzabda<\/em><\/strong><\/p>\n<p><strong>\u00a0<\/strong><\/p>\n<p>Auteur: Le Pays<br \/>\n<a href=\"http:\/\/lepays.bf\/passe-darmes-entre-lopposition-et-la-majorite-autour-des-auteurs-presumes-des-attaques-terroristes\/\">Cliquez ici pour lire l&rsquo;article depuis sa source.<\/a><\/p>\n","protected":false},"excerpt":{"rendered":"<p>Il se passe aujourd\u2019hui un affrontement verbal, vif et anim\u00e9, entre la majorit\u00e9 et l\u2019opposition autour de l\u2019identit\u00e9 de ceux qui ont inscrit \u00a0pratiquement le Burkina \u00e0 l\u2019article de la mort, via les attaques terroristes. Pour les tenants du pouvoir, il ne fait pas l\u2019ombre d\u2019un doute que ceux qui se cachent derri\u00e8re ces attaques [&hellip;]<\/p>\n","protected":false},"author":1813,"featured_media":0,"comment_status":"closed","ping_status":"closed","sticky":false,"template":"","format":"standard","meta":{"fifu_image_url":"","fifu_image_alt":"","footnotes":""},"categories":[73,81],"tags":[],"class_list":["post-68567","post","type-post","status-publish","format-standard","hentry","category-actualite","category-burkina-faso"],"_links":{"self":[{"href":"https:\/\/linitiative.ca\/International\/wp-json\/wp\/v2\/posts\/68567","targetHints":{"allow":["GET"]}}],"collection":[{"href":"https:\/\/linitiative.ca\/International\/wp-json\/wp\/v2\/posts"}],"about":[{"href":"https:\/\/linitiative.ca\/International\/wp-json\/wp\/v2\/types\/post"}],"author":[{"embeddable":true,"href":"https:\/\/linitiative.ca\/International\/wp-json\/wp\/v2\/users\/1813"}],"replies":[{"embeddable":true,"href":"https:\/\/linitiative.ca\/International\/wp-json\/wp\/v2\/comments?post=68567"}],"version-history":[{"count":0,"href":"https:\/\/linitiative.ca\/International\/wp-json\/wp\/v2\/posts\/68567\/revisions"}],"wp:attachment":[{"href":"https:\/\/linitiative.ca\/International\/wp-json\/wp\/v2\/media?parent=68567"}],"wp:term":[{"taxonomy":"category","embeddable":true,"href":"https:\/\/linitiative.ca\/International\/wp-json\/wp\/v2\/categories?post=68567"},{"taxonomy":"post_tag","embeddable":true,"href":"https:\/\/linitiative.ca\/International\/wp-json\/wp\/v2\/tags?post=68567"}],"curies":[{"name":"wp","href":"https:\/\/api.w.org\/{rel}","templated":true}]}}