{"id":68568,"date":"2019-11-25T15:50:03","date_gmt":"2019-11-25T20:50:03","guid":{"rendered":"https:\/\/linitiative.ca\/International\/argentine-plus-de-40-ans-de-prison-pour-deux-pretres-qui-violaient-des-enfants-sourds-et-muets\/"},"modified":"2019-11-25T15:50:03","modified_gmt":"2019-11-25T20:50:03","slug":"argentine-plus-de-40-ans-de-prison-pour-deux-pretres-qui-violaient-des-enfants-sourds-et-muets","status":"publish","type":"post","link":"https:\/\/linitiative.ca\/International\/argentine-plus-de-40-ans-de-prison-pour-deux-pretres-qui-violaient-des-enfants-sourds-et-muets\/","title":{"rendered":"Argentine: plus de 40 ans de prison pour deux pr\u00eatres qui violaient des enfants sourds et muets"},"content":{"rendered":"<p>Deux pr\u00eatres ont \u00e9t\u00e9 condamn\u00e9s lundi \u00e0 plus de 40 ans de prison pour avoir viol\u00e9 durant des ann\u00e9es des enfants sourds et muets dans un institut sp\u00e9cialis\u00e9 dans l\u2019ouest de l\u2019Argentine, une affaire qui secoue le pays du pape Fran\u00e7ois.<\/p>\n<p>L\u2019Argentin Horacio Corbacho a \u00e9t\u00e9 condamn\u00e9 \u00e0 45 ans de prison et Nicola Corradi, un cur\u00e9 italien qui vit en Argentine depuis 1970, \u00e0 42 ans, selon la d\u00e9cision rendue publique lundi \u00e0 l\u2019audience.<\/p>\n<p>Au cours de ce proc\u00e8s, qui s\u2019est ouvert d\u00e9but ao\u00fbt \u00e0 Mendoza (ouest) et s\u2019est tenu depuis \u00e0 huis clos, 43 dossiers ont \u00e9t\u00e9 examin\u00e9s et 13 victimes entendues, dont certaines ont \u00e9t\u00e9 viol\u00e9es entre l\u2019\u00e2ge de 4 ans et celui de 17 ans. Pour la justice, 25 dossiers sont consid\u00e9r\u00e9s comme des cas d\u2019abus sexuels.<\/p>\n<p>Accus\u00e9s de viols, corruption de mineurs et mauvais traitements, ils encouraient jusqu\u2019\u00e0 50 ans de prison.<\/p>\n<p>Dans les deux cas, le fait que les victimes \u00e9taient mineures au moment des faits, qu\u2019elles \u00e9taient plac\u00e9es sous la responsabilit\u00e9 des auteurs, qu\u2019elles vivaient sous le m\u00eame toit qu\u2019eux et que les condamn\u00e9s \u00e9taient des repr\u00e9sentants religieux ont \u00e9t\u00e9 consid\u00e9r\u00e9s comme des circonstances aggravantes.<\/p>\n<p>M. Corbacho, 59 ans, et M. Corradi, 83 ans, \u00e9taient avant le proc\u00e8s en d\u00e9tention provisoire.<\/p>\n<p>Le tribunal de Mendoza a \u00e9galement condamn\u00e9 \u00e0 18 ans de prison le jardinier du centre, Armando Gomez, pour viol.<\/p>\n<p>Deux des trois accus\u00e9s sont arriv\u00e9s \u00e0 l\u2019audience menott\u00e9s et escort\u00e9s par des policiers, tandis que Nicola Corradi se trouvait dans un fauteuil roulant pouss\u00e9 par une femme en uniforme, a constat\u00e9 l\u2019AFP.<\/p>\n<p>\u2013 \u00ab\u00a0Ils sont d\u00e9moniaques\u00a0\u00bb \u2013<\/p>\n<p>\u00ab\u00a0Je pense que tout \u00e0 l\u2019int\u00e9rieur de l\u2019Eglise est faux. Tout ce qu\u2019ils nous font lire, r\u00e9citer, la fa\u00e7on dont doit se comporter une personne. Je pense qu\u2019ils mentent et qu\u2019ils sont d\u00e9moniaques\u00a0\u00bb, avait confi\u00e9 d\u00e9but ao\u00fbt \u00e0 l\u2019AFP une des victimes, Ezequiel Villalonga, dans la langue des signes, peu avant l\u2019ouverture du proc\u00e8s.<\/p>\n<p>Ce n\u2019est qu\u2019une fois adulte qu\u2019Ezequiel a pu apprendre la gestuelle pour communiquer, car cet \u00e9tablissement catholique sp\u00e9cialis\u00e9 ne lui avait pas appris la langue des signes.<\/p>\n<p>\u00ab\u00a0La vie l\u00e0-dedans \u00e9tait terrible. On n\u2019apprenait rien, on ne communiquait pas entre nous, on ne connaissait pas la langue des signes. On \u00e9crivait sans savoir ce que \u00e7a voulait dire, on demandait alors \u00e0 d\u2019autres camarades, mais personne ne comprenait rien\u00a0\u00bb, avait-t-il ajout\u00e9.<\/p>\n<p>Rassembl\u00e9es devant le tribunal, plusieurs victimes ont saut\u00e9 de joie, lev\u00e9 les bras en signe de victoire et fait tourner des mouchoirs oranges \u00e0 l\u2019\u00e9nonc\u00e9 du verdict. \u00ab\u00a0Soutien aux survivant du Provolo\u00a0\u00bb, \u00ab\u00a0Oui, moi je te crois\u00a0\u00bb ou \u00ab\u00a0N\u2019oublions pas!\u00a0\u00bb, pouvait-on lire sur les pancartes.<\/p>\n<p>Dans cette vaste affaire, un ancien sacristain, Jorge Bordon, 50 ans, a d\u00e9j\u00e0 \u00e9t\u00e9 condamn\u00e9 l\u2019an dernier \u00e0 10 ans de prison apr\u00e8s avoir reconnu avoir abus\u00e9 sexuellement cinq victimes. Une quinzaine d\u2019autres accus\u00e9s doivent \u00eatre jug\u00e9s au cours de deux autres proc\u00e8s.<\/p>\n<p>L\u2019institut Provolo, situ\u00e9 au pieds des Andes, \u00e0 Mendoza, \u00e0 1.000 km \u00e0 l\u2019ouest de Buenos Aires, a \u00e9t\u00e9 ferm\u00e9 en 2016, lorsque le scandale a \u00e9clat\u00e9.<\/p>\n<p>Ce grand b\u00e2timent en briques au toit vert, fond\u00e9 en 1995, accueillait gratuitement des \u00e9l\u00e8ves sourds et muets d\u2019origine modeste qui \u00e9taient internes et retournaient chez eux le week-end.<\/p>\n<p>Nicola Corradi est arriv\u00e9 en Argentine en provenance de l\u2019institut Provolo de V\u00e9rone, en Italie, \u00e9galement secou\u00e9 ces derni\u00e8res ann\u00e9es par un scandale similaire de p\u00e9dophilie, et a pris en charge le \u00ab\u00a0Provolo\u00a0\u00bb de La Plata (60 kms au sud de Buenos Aires).<\/p>\n<p>En 1998, il est transf\u00e9r\u00e9 \u00e0 Mendoza, o\u00f9 il reste \u00e0 la t\u00eate de l\u2019institution jusqu\u2019\u00e0 son placement en d\u00e9tention provisoire en novembre 2016.<\/p>\n<p>D\u2019autres plaintes concernant l\u2019Institut Provolo de La Plata sont actuellement en cours d\u2019instruction.<\/p>\n<p>Une des responsables l\u2019ONG Bishop Accountability (responsabilit\u00e9 des \u00e9v\u00eaques), Anne Barrett Doyle, avait estim\u00e9 en mai \u00e0 Buenos Aires que lorsque le pape Fran\u00e7ois, Jorge Bergoglio, \u00e9tait archev\u00eaque de Buenos Aires, il \u00ab\u00a0ne pouvait pas ne pas savoir\u00a0\u00bb. \u00ab\u00a0En 14 ans comme archev\u00eaque de Buenos Aires, il a seulement envoy\u00e9 deux dossiers au Vatican concernant des abus sexuels\u00a0\u00bb.<\/p>\n<p>Auteur: AFP<br \/>\n<a href=\"https:\/\/www.journalducameroun.com\/argentine-plus-de-40-ans-de-prison-pour-deux-pretres-qui-violaient-des-enfants-sourds-et-muets\/\">Cliquez ici pour lire l&rsquo;article depuis sa source.<\/a><\/p>\n","protected":false},"excerpt":{"rendered":"<p>Deux pr\u00eatres ont \u00e9t\u00e9 condamn\u00e9s lundi \u00e0 plus de 40 ans de prison pour avoir viol\u00e9 durant des ann\u00e9es des enfants sourds et muets dans un institut sp\u00e9cialis\u00e9 dans l\u2019ouest de l\u2019Argentine, une affaire qui secoue le pays du pape Fran\u00e7ois. L\u2019Argentin Horacio Corbacho a \u00e9t\u00e9 condamn\u00e9 \u00e0 45 ans de prison et Nicola Corradi, [&hellip;]<\/p>\n","protected":false},"author":1965,"featured_media":0,"comment_status":"closed","ping_status":"closed","sticky":false,"template":"","format":"standard","meta":{"fifu_image_url":"","fifu_image_alt":"","footnotes":""},"categories":[73,82],"tags":[],"class_list":["post-68568","post","type-post","status-publish","format-standard","hentry","category-actualite","category-cameroun"],"_links":{"self":[{"href":"https:\/\/linitiative.ca\/International\/wp-json\/wp\/v2\/posts\/68568","targetHints":{"allow":["GET"]}}],"collection":[{"href":"https:\/\/linitiative.ca\/International\/wp-json\/wp\/v2\/posts"}],"about":[{"href":"https:\/\/linitiative.ca\/International\/wp-json\/wp\/v2\/types\/post"}],"author":[{"embeddable":true,"href":"https:\/\/linitiative.ca\/International\/wp-json\/wp\/v2\/users\/1965"}],"replies":[{"embeddable":true,"href":"https:\/\/linitiative.ca\/International\/wp-json\/wp\/v2\/comments?post=68568"}],"version-history":[{"count":0,"href":"https:\/\/linitiative.ca\/International\/wp-json\/wp\/v2\/posts\/68568\/revisions"}],"wp:attachment":[{"href":"https:\/\/linitiative.ca\/International\/wp-json\/wp\/v2\/media?parent=68568"}],"wp:term":[{"taxonomy":"category","embeddable":true,"href":"https:\/\/linitiative.ca\/International\/wp-json\/wp\/v2\/categories?post=68568"},{"taxonomy":"post_tag","embeddable":true,"href":"https:\/\/linitiative.ca\/International\/wp-json\/wp\/v2\/tags?post=68568"}],"curies":[{"name":"wp","href":"https:\/\/api.w.org\/{rel}","templated":true}]}}