{"id":68569,"date":"2019-11-25T15:50:04","date_gmt":"2019-11-25T20:50:04","guid":{"rendered":"https:\/\/linitiative.ca\/International\/algerie-des-porteurs-de-drapeaux-berberes-ecopent-de-6-mois-ferme\/"},"modified":"2019-11-25T15:50:04","modified_gmt":"2019-11-25T20:50:04","slug":"algerie-des-porteurs-de-drapeaux-berberes-ecopent-de-6-mois-ferme","status":"publish","type":"post","link":"https:\/\/linitiative.ca\/International\/algerie-des-porteurs-de-drapeaux-berberes-ecopent-de-6-mois-ferme\/","title":{"rendered":"Alg\u00e9rie: des porteurs de drapeaux berb\u00e8res \u00e9copent de 6 mois ferme"},"content":{"rendered":"<div readability=\"32\">\n<p>Publi\u00e9 le 25.11.2019 \u00e0 21h50 par AFP<\/p>\n<\/div>\n<div readability=\"122\">\n<p>Un tribunal d\u2019Alger a condamn\u00e9 lundi \u00e0 six mois de prison ferme 19 personnes arr\u00eat\u00e9es lors de manifestations antir\u00e9gime qui agitent l\u2019Alg\u00e9rie depuis fin f\u00e9vrier, la majorit\u00e9 pour avoir port\u00e9 des drapeaux amazigh (berb\u00e8res), ont indiqu\u00e9 des avocats.<\/p>\n<p>Jug\u00e9e \u00e0 leur c\u00f4t\u00e9, l\u2019\u00e9tudiante Yasmine Nour el Houda Dahmani, devenue un symbole de la r\u00e9pression du mouvement (\u00ab\u00a0Hirak\u00a0\u00bb) populaire de contestation, a \u00e9t\u00e9 condamn\u00e9e \u00e0 six mois de prison, dont quatre mois avec sursis.<\/p>\n<p>Sa peine couvrant la dur\u00e9e de sa d\u00e9tention provisoire, l\u2019\u00e9tudiante, arr\u00eat\u00e9e le 17 septembre, a \u00e9t\u00e9 lib\u00e9r\u00e9e lundi, selon des sites d\u2019information en ligne.<\/p>\n<p>La plupart des autres accus\u00e9s ont \u00e9t\u00e9 arr\u00eat\u00e9s fin juin, \u00ab\u00a0ce qui signifie qu\u2019ils resteront en prison jusqu\u2019\u00e0 fin d\u00e9cembre\u00a0\u00bb, a expliqu\u00e9 \u00e0 l\u2019AFP Me Seddik Mouhous, avocat du collectif de d\u00e9fense.<\/p>\n<p>Le Parquet avait requis deux ans de prison ferme contre les 20 accus\u00e9s, tous jug\u00e9s pour \u00ab\u00a0atteinte \u00e0 l\u2019int\u00e9grit\u00e9 du territoire\u00a0\u00bb, passible de 10 ans de prison.<\/p>\n<p>La plupart \u00e9taient jug\u00e9s pour avoir port\u00e9 un drapeau amazigh, banni des manifestations par le commandement militaire, d\u2019autres pour avoir vendu des badges favorables au \u00ab\u00a0Hirak\u00a0\u00bb et Yasmine Nour El Houda Dahmani pour avoir port\u00e9 une pancarte d\u00e9non\u00e7ant la corruption.<\/p>\n<p>Le collectif de d\u00e9fense, qui avait boycott\u00e9 l\u2019audience \u00ab\u00a0faute de conditions permettant un proc\u00e8s \u00e9quitable\u00a0\u00bb, va faire appel du verdict \u00ab\u00a0parce qu\u2019il n\u2019a aucune base l\u00e9gale\u00a0\u00bb, a d\u00e9clar\u00e9 \u00e0 l\u2019AFP l\u2019un d\u2019eux, Me Salem Khatri.<\/p>\n<p>Le tribunal de Sidi M\u2019hamed qui a condamn\u00e9 les 20 accus\u00e9s, \u00ab\u00a0continue de faire exception en pronon\u00e7ant des peines de prison ferme\u00a0\u00bb contre de simples \u00ab\u00a0porteurs de drapeaux\u00a0\u00bb, contrairement aux autres tribunaux du pays, selon Me Khatri.<\/p>\n<p>Un tribunal de S\u00e9tif (200 km \u00e0 l\u2019est d\u2019Alger) a acquitt\u00e9 dimanche cinq personnes jug\u00e9es pour avoir port\u00e9 un drapeau amazigh.<\/p>\n<p>Les tribunaux se rallient g\u00e9n\u00e9ralement aux arguments de la d\u00e9fense qui plaide qu\u2019aucune disposition l\u00e9gale n\u2019interdit de poss\u00e9der un tel drapeau et que les \u00e9l\u00e9ments de l&rsquo;\u00a0\u00bbatteinte \u00e0 l\u2019int\u00e9grit\u00e9 du territoire\u00a0\u00bb ne sont pas constitu\u00e9s dans ces affaires.<\/p>\n<p>Le tribunal de Sidi M\u2019hamed avait inflig\u00e9 le 12 novembre six mois de prison ferme \u00e0 une trentaine de personnes jug\u00e9es coupables d\u2019atteinte \u00e0 \u00ab\u00a0l\u2019int\u00e9grit\u00e9 du territoire\u00a0\u00bb.<\/p>\n<p>Dimanche, deux personnes, arr\u00eat\u00e9es \u00e0 Alger lors d\u2019une manifestation, ont \u00e9cop\u00e9 d\u2019un an de prison ferme pour \u00ab\u00a0incitation \u00e0 attroupement\u00a0\u00bb et \u00ab\u00a0attroupement non autoris\u00e9\u00a0\u00bb, selon le Comit\u00e9 national pour la lib\u00e9ration des d\u00e9tenus (CNLD).<\/p>\n<p>Selon le CNLD, pr\u00e8s de 140 manifestants, militants ou journalistes ont \u00e9t\u00e9 incarc\u00e9r\u00e9s depuis fin juin pour des faits li\u00e9s au \u00ab\u00a0Hirak\u00a0\u00bb, en d\u00e9tention provisoire ou condamn\u00e9s \u00e0 des peines de prison ferme.<\/p>\n<p>Les arrestations se multiplient depuis le d\u00e9but le 17 novembre de la campagne pour la pr\u00e9sidentielle du 12 d\u00e9cembre, dont la contestation refuse la tenue.<\/p>\n<p>Lundi, \u00e0 Boumerd\u00e8s (35 km \u00e0 l\u2019est d\u2019Alger), une vingtaine de personnes ont \u00e9t\u00e9 arr\u00eat\u00e9es apr\u00e8s avoir cri\u00e9 des slogans hostiles \u00e0 l\u2019\u00e9lection, avant un meeting du candidat Abdelaziz Bela\u00efd, chef d\u2019un micro-parti favorable au pouvoir, selon des journalistes de l\u2019AFP sur place.<\/p>\n<\/div>\n<p>Auteur: AFP<br \/>\n<a href=\"https:\/\/www.journalducameroun.com\/algerie-des-porteurs-de-drapeaux-berberes-ecopent-de-6-mois-ferme\/\">Cliquez ici pour lire l&rsquo;article depuis sa source.<\/a><\/p>\n","protected":false},"excerpt":{"rendered":"<p>Publi\u00e9 le 25.11.2019 \u00e0 21h50 par AFP Un tribunal d\u2019Alger a condamn\u00e9 lundi \u00e0 six mois de prison ferme 19 personnes arr\u00eat\u00e9es lors de manifestations antir\u00e9gime qui agitent l\u2019Alg\u00e9rie depuis fin f\u00e9vrier, la majorit\u00e9 pour avoir port\u00e9 des drapeaux amazigh (berb\u00e8res), ont indiqu\u00e9 des avocats. Jug\u00e9e \u00e0 leur c\u00f4t\u00e9, l\u2019\u00e9tudiante Yasmine Nour el Houda Dahmani, [&hellip;]<\/p>\n","protected":false},"author":1965,"featured_media":0,"comment_status":"closed","ping_status":"closed","sticky":false,"template":"","format":"standard","meta":{"fifu_image_url":"","fifu_image_alt":"","footnotes":""},"categories":[73,82],"tags":[],"class_list":["post-68569","post","type-post","status-publish","format-standard","hentry","category-actualite","category-cameroun"],"_links":{"self":[{"href":"https:\/\/linitiative.ca\/International\/wp-json\/wp\/v2\/posts\/68569","targetHints":{"allow":["GET"]}}],"collection":[{"href":"https:\/\/linitiative.ca\/International\/wp-json\/wp\/v2\/posts"}],"about":[{"href":"https:\/\/linitiative.ca\/International\/wp-json\/wp\/v2\/types\/post"}],"author":[{"embeddable":true,"href":"https:\/\/linitiative.ca\/International\/wp-json\/wp\/v2\/users\/1965"}],"replies":[{"embeddable":true,"href":"https:\/\/linitiative.ca\/International\/wp-json\/wp\/v2\/comments?post=68569"}],"version-history":[{"count":0,"href":"https:\/\/linitiative.ca\/International\/wp-json\/wp\/v2\/posts\/68569\/revisions"}],"wp:attachment":[{"href":"https:\/\/linitiative.ca\/International\/wp-json\/wp\/v2\/media?parent=68569"}],"wp:term":[{"taxonomy":"category","embeddable":true,"href":"https:\/\/linitiative.ca\/International\/wp-json\/wp\/v2\/categories?post=68569"},{"taxonomy":"post_tag","embeddable":true,"href":"https:\/\/linitiative.ca\/International\/wp-json\/wp\/v2\/tags?post=68569"}],"curies":[{"name":"wp","href":"https:\/\/api.w.org\/{rel}","templated":true}]}}