{"id":68570,"date":"2019-11-25T16:50:03","date_gmt":"2019-11-25T21:50:03","guid":{"rendered":"https:\/\/linitiative.ca\/International\/violences-contre-les-femmes-manifestations-dans-le-monde-paris-annonce-un-plan\/"},"modified":"2019-11-25T16:50:03","modified_gmt":"2019-11-25T21:50:03","slug":"violences-contre-les-femmes-manifestations-dans-le-monde-paris-annonce-un-plan","status":"publish","type":"post","link":"https:\/\/linitiative.ca\/International\/violences-contre-les-femmes-manifestations-dans-le-monde-paris-annonce-un-plan\/","title":{"rendered":"Violences contre les femmes : manifestations dans le monde, Paris annonce un plan"},"content":{"rendered":"<p>Lundi \u00e9tait la 4e journ\u00e9e internationale pour l\u2019\u00e9limination de la violence \u00e0 l\u2019\u00e9gard des femmes, une cause qui a jet\u00e9 dans la rue des dizaines de milliers de manifestants depuis samedi, notamment en France, en Italie, en Belgique et en Espagne, et encore lundi en Russie et en Turquie.<\/p>\n<p>Appelant \u00e0 un \u00ab\u00a0\u00e9lectrochoc\u00a0\u00bb pour \u00ab\u00a0briser la cha\u00eene du silence\u00a0\u00bb, le Premier ministre fran\u00e7ais Edouard Philippe a annonc\u00e9 des initiatives pour mettre fin \u00e0 des \u00ab\u00a0dysfonctionnements dont nous n\u2019avons pas jusqu\u2019\u00e0 aujourd\u2019hui voulu prendre conscience\u00a0\u00bb.<\/p>\n<p>La col\u00e8re est mont\u00e9e d\u2019un cran ces derni\u00e8res semaines dans de nombreux pays face aux f\u00e9minicides \u2013 87.000 femmes tu\u00e9es dans le monde en 2017, dont la moiti\u00e9 par des proches, selon l\u2019ONU -, un ph\u00e9nom\u00e8ne longtemps ignor\u00e9 ou minor\u00e9. Et les appels au changement se multiplient.<\/p>\n<p>Lundi, la mission des Nations unies en Afghanistan a demand\u00e9 un effort au gouvernement de Kaboul contre les violences faites aux femmes, massives dans le pays et en hausse, selon un r\u00e9cent rapport de la Commission afghane des droits de l\u2019Homme.<\/p>\n<p>\u00ab\u00a0Les femmes et filles afghanes continuent de subir des violations \u00e9tendues de leurs droits humains et une violence persistante\u00a0\u00bb, a regrett\u00e9 Aleta Miller, repr\u00e9sentante d\u2019ONU-Femmes pour l\u2019Afghanistan.<\/p>\n<p>\u2013 La fin du \u00ab\u00a0crime passionnel\u00a0\u00bb \u2013<\/p>\n<p>En France, o\u00f9 ce type de meurtre a longtemps \u00e9t\u00e9 qualifi\u00e9 de \u00ab\u00a0crime passionnel\u00a0\u00bb, au moins 117 femmes ont \u00e9t\u00e9 tu\u00e9es en 2019 par leur conjoint ou ex-conjoint, selon un d\u00e9compte de l\u2019AFP.<\/p>\n<p>Pour y parer, le gouvernement a pr\u00e9vu plusieurs mesures juridiques: cr\u00e9ation d\u2019une \u00ab\u00a0nouvelle circonstance aggravante pour les auteurs de violences dans le cas de harc\u00e8lement ayant conduit au suicide\u00a0\u00bb, inscription dans la loi de la notion d&rsquo;\u00a0\u00bbemprise\u00a0\u00bb psychologique, qui \u00ab\u00a0pr\u00e9pare souvent la violence physique\u00a0\u00bb, secret m\u00e9dical r\u00e9am\u00e9nag\u00e9 pour les situations \u00ab\u00a0o\u00f9 il existe un risque s\u00e9rieux de renouvellement de violence\u00a0\u00bb, ligne d\u2019\u00e9coute pour les victimes de violences conjugales fonctionnant 24 heures sur 24\u2026<\/p>\n<p>Aux associations qui r\u00e9clament davantage de moyens, il a promis 360 millions d\u2019euros d\u00e9di\u00e9s l\u2019an prochain \u00e0 la lutte contre les violences faites aux femmes.<\/p>\n<p>Tr\u00e8s attendues, ces mesures ont souvent \u00e9t\u00e9 jug\u00e9es insuffisantes par les militantes f\u00e9ministes, qui ont mobilis\u00e9 des dizaines de milliers de manifestants dans toute la France samedi.<\/p>\n<p>\u00ab\u00a0Le gouvernement rate le coche\u00a0\u00bb, a r\u00e9agi Caroline De Haas, du collectif #NousToutes, ajoutant que \u00ab\u00a0la d\u00e9ception est \u00e0 la hauteur de l\u2019immense mouvement\u00a0\u00bb.<\/p>\n<p>Saluant \u00ab\u00a0des avanc\u00e9es tr\u00e8s concr\u00e8tes\u00a0\u00bb, la pr\u00e9sidente de la Fondation des femmes Anne-C\u00e9cile Mailfert a n\u00e9anmoins regrett\u00e9 que \u00ab\u00a0le gouvernement ne prenne pas conscience que ces campagnes de sensibilisation aux violences conduisent de nombreuses femmes \u00e0 solliciter les associations, et qu\u2019elles n\u2019ont pas plus de moyens pour les aider\u00a0\u00bb.<\/p>\n<p>\u00ab\u00a0Pourquoi l\u2019Espagne r\u00e9ussit contre les violences conjugales ? Ce pays ne se contente pas d\u2019op\u00e9rations de communication\u00a0\u00bb, a tweet\u00e9 le d\u00e9put\u00e9 Les R\u00e9publicains (droite) Aur\u00e9lien Pradi\u00e9, demandant plus de moyens au gouvernement.<\/p>\n<p>\u2013 L\u2019Espagne, pays pionnier \u2013<\/p>\n<p>Plusieurs autres pays ont saisi l\u2019occasion de cette journ\u00e9e internationale pour afficher ou renouveler leur d\u00e9termination \u00e0 lutter contre les violences faites aux Femmes.<\/p>\n<p>En Afrique du sud, o\u00f9 une femme est assassin\u00e9e toutes les trois heures, le pr\u00e9sident Cyril Ramaphosa a exhort\u00e9 les hommes \u00e0 renoncer aux \u00ab\u00a0attitudes sexistes et patriarcales\u00a0\u00bb, en lan\u00e7ant un plan d\u2019urgence dot\u00e9 de plus d\u2019un milliard et demi de rands (100 millions d\u2019euros).<\/p>\n<p>Face \u00e0 une violence domestique qui \u00ab\u00a0a pris des dimensions inqui\u00e9tantes ces derni\u00e8res ann\u00e9es\u00a0\u00bb, avec une hausse de 34,5% entre 2014 et 2018, la police grecque a quant \u00e0 elle annonc\u00e9 la mise en place d\u2019un nouveau service d\u00e9di\u00e9, comprenant juristes, sociologues et psychologues.<\/p>\n<p>En Espagne, plusieurs dizaines de milliers de personnes ont d\u00e9fil\u00e9 \u00e0 travers le pays, \u00e0 Madrid, Barcelone, Valence, Saragosse et Bilbao.<\/p>\n<p>L\u2019Espagne est un pays pionnier dans la lutte contre les crimes sp\u00e9cifiques contre les femmes. En 2004, une loi contre les \u00ab\u00a0violences de genre\u00a0\u00bb y avait \u00e9t\u00e9 adopt\u00e9e, \u00e0 l\u2019initiative du gouvernement socialiste de Jos\u00e9 Luis Rodr\u00edguez Zapatero, suivie d\u2019un Pacte national en 2017 quand le conservateur Mariano Rajoy \u00e9tait au pouvoir.<\/p>\n<p>En Russie, o\u00f9 les violences domestiques ont \u00e9t\u00e9 d\u00e9criminalis\u00e9es en 2017, un millier de personnes ont manifest\u00e9 lundi soir \u00e0 Moscou. L\u2019\u00e9t\u00e9 dernier, la Cour europ\u00e9enne des droits de l\u2019homme avait \u00e9pingl\u00e9 fermement le droit russe, qui \u00ab\u00a0ne reconna\u00eet pas\u00a0\u00bb ces violences, et les autorit\u00e9s \u00ab\u00a0r\u00e9ticentes \u00e0 reconna\u00eetre la gravit\u00e9 du probl\u00e8me\u00a0\u00bb.<\/p>\n<p>Et en Turquie, la police a dispers\u00e9 par la force, \u00e0 coups de gaz lacrymog\u00e8ne et balles en plastique, plusieurs milliers de manifestants, des femmes pour la plupart, qui d\u00e9filaient \u00e0 Istanbul pour demander la \u00ab\u00a0fin de l\u2019impunit\u00e9\u00a0\u00bb pour les auteurs de violences contre les femmes, un mal end\u00e9mique dans le pays.<\/p>\n<p>burs-mw\/mba\/glr<\/p>\n<p>Auteur: AFP<br \/>\n<a href=\"https:\/\/www.journalducameroun.com\/violences-contre-les-femmes-manifestations-dans-le-monde-paris-annonce-un-plan\/\">Cliquez ici pour lire l&rsquo;article depuis sa source.<\/a><\/p>\n","protected":false},"excerpt":{"rendered":"<p>Lundi \u00e9tait la 4e journ\u00e9e internationale pour l\u2019\u00e9limination de la violence \u00e0 l\u2019\u00e9gard des femmes, une cause qui a jet\u00e9 dans la rue des dizaines de milliers de manifestants depuis samedi, notamment en France, en Italie, en Belgique et en Espagne, et encore lundi en Russie et en Turquie. Appelant \u00e0 un \u00ab\u00a0\u00e9lectrochoc\u00a0\u00bb pour \u00ab\u00a0briser [&hellip;]<\/p>\n","protected":false},"author":1965,"featured_media":0,"comment_status":"closed","ping_status":"closed","sticky":false,"template":"","format":"standard","meta":{"fifu_image_url":"","fifu_image_alt":"","footnotes":""},"categories":[73,82],"tags":[],"class_list":["post-68570","post","type-post","status-publish","format-standard","hentry","category-actualite","category-cameroun"],"_links":{"self":[{"href":"https:\/\/linitiative.ca\/International\/wp-json\/wp\/v2\/posts\/68570","targetHints":{"allow":["GET"]}}],"collection":[{"href":"https:\/\/linitiative.ca\/International\/wp-json\/wp\/v2\/posts"}],"about":[{"href":"https:\/\/linitiative.ca\/International\/wp-json\/wp\/v2\/types\/post"}],"author":[{"embeddable":true,"href":"https:\/\/linitiative.ca\/International\/wp-json\/wp\/v2\/users\/1965"}],"replies":[{"embeddable":true,"href":"https:\/\/linitiative.ca\/International\/wp-json\/wp\/v2\/comments?post=68570"}],"version-history":[{"count":0,"href":"https:\/\/linitiative.ca\/International\/wp-json\/wp\/v2\/posts\/68570\/revisions"}],"wp:attachment":[{"href":"https:\/\/linitiative.ca\/International\/wp-json\/wp\/v2\/media?parent=68570"}],"wp:term":[{"taxonomy":"category","embeddable":true,"href":"https:\/\/linitiative.ca\/International\/wp-json\/wp\/v2\/categories?post=68570"},{"taxonomy":"post_tag","embeddable":true,"href":"https:\/\/linitiative.ca\/International\/wp-json\/wp\/v2\/tags?post=68570"}],"curies":[{"name":"wp","href":"https:\/\/api.w.org\/{rel}","templated":true}]}}