{"id":68572,"date":"2019-11-25T17:18:04","date_gmt":"2019-11-25T22:18:04","guid":{"rendered":"https:\/\/linitiative.ca\/International\/les-autorites-ivoiriennes-ont-raison-de-vendre-la-cote-divoire-sous-langle-touristique-expert\/"},"modified":"2019-11-25T17:18:04","modified_gmt":"2019-11-25T22:18:04","slug":"les-autorites-ivoiriennes-ont-raison-de-vendre-la-cote-divoire-sous-langle-touristique-expert","status":"publish","type":"post","link":"https:\/\/linitiative.ca\/International\/les-autorites-ivoiriennes-ont-raison-de-vendre-la-cote-divoire-sous-langle-touristique-expert\/","title":{"rendered":"Les autorit\u00e9s ivoiriennes ont raison de \u00abvendre la C\u00f4te d\u2019Ivoire sous l\u2019angle touristique\u00bb (Expert)"},"content":{"rendered":"<div readability=\"32\">\n<p>Publi\u00e9 le 25.11.2019 \u00e0 23h18 par APA News<\/p>\n<\/div>\n<div readability=\"83\">\n<p>Les autorit\u00e9s ivoiriennes ont raison de \u00abvendre la C\u00f4te d\u2019Ivoire sous l\u2019angle touristique\u00bb tant le pays offre une \u00ab attraction touristique \u00bb, a estim\u00e9, lundi, dans un entretien \u00e0 APA, Maher Ghidaoui, Directeur g\u00e9n\u00e9ral de Azala\u00ef h\u00f4tel Abidjan.Selon M. Ghidaoui qui a pass\u00e9 les treize derni\u00e8res ann\u00e9es entre l\u2019Afrique Centrale et l\u2019Afrique de l\u2019Ouest, la C\u00f4te d\u2019Ivoire est le \u00abplace to be (endroit o\u00f9 il faut \u00eatre)\u00bb en Afrique de l\u2019Ouest.<\/p>\n<p>\u00abQuand l\u2019h\u00f4tellerie va bien, le pays va bien \u00bb, souligne-t-il, expliquant que \u00ab quand l\u2019h\u00f4tellerie va bien c\u2019est-\u00e0-dire qu\u2019il y a des gens qui se d\u00e9placent pour venir dans ce pays. Ce qui sous-entend un minimum \u00a0de s\u00e9curit\u00e9, un minium de confiance et forcement \u00e9tant dans l\u2019h\u00f4tellerie d\u2019affaires, il y a du bisness \u00bb.<\/p>\n<p>\u00ab Je pense que si cette offre existe, c\u2019est qu\u2019il y a une demande r\u00e9elle. Beaucoup de cha\u00eenes internationales cherchent \u00e0 s\u2019implanter en C\u00f4te d\u2019Ivoire et essentiellement sur Abidjan qui pr\u00e9sente deux aspects d\u2019un tourisme d\u2019affaires, mais aussi pr\u00e9sente une attraction touristique \u00bb, poursuit-il en citant la mer, le beau temps, la nature et les destinations magnifiques \u00e0 d\u00e9couvrir.<\/p>\n<p>\u00ab Je pense qu\u2019avec cet engagement qu\u2019est en train de prendre la politique du pays en vendant la C\u00f4te d\u2019Ivoire sous l\u2019angle du tourisme, ils (les responsables du pays) ont vraiment raison de le faire \u00bb, estime Maher Ghidaoui \u00e0 la faveur de la c\u00e9l\u00e9bration du 25\u00e8 anniversaire de Azala\u00ef h\u00f4tel.<\/p>\n<p>\u00ab J\u2019ai visit\u00e9 plus de 50 pays dans ma carri\u00e8re professionnelle et je crois qu\u2019il y a pas mal de choses \u00e0 mettre en valeur ici en C\u00f4te d\u2019Ivoire \u00bb, conclut M. Ghidaoui qui a rejoint le Groupe Azala\u00ef h\u00f4tel seulement le 1er ao\u00fbt dernier. \u00a0<\/p>\n<p>La C\u00f4te d\u2019Ivoire s\u2019est dot\u00e9e d\u2019un plan strat\u00e9gique de d\u00e9veloppement du tourisme d\u00e9nomm\u00e9 \u00abSublime C\u00f4te d\u2019Ivoire\u00bb, visant \u00e0 faire d\u2019elle, \u00ab un pays \u00e0 vocation touristique et reconnu de tous \u00e0 travers le monde \u00bb.<\/p>\n<p>La c\u00e9l\u00e9bration du 25\u00e8me anniversaire de Azala\u00ef h\u00f4tel \u00e0 Abidjan s\u2019\u00e9tendra sur toute cette semaine avec des actions sociales marqu\u00e9es notamment par des dons \u00e0 la pouponni\u00e8re des 220 logements d\u2019Adjam\u00e9 et des matchs de football avec la jeunesse de Marcory (Sud d\u2019Abidjan). \u00a0<\/p>\n<\/div>\n<p>Auteur: APA News<br \/>\n<a href=\"https:\/\/www.journalducameroun.com\/les-autorites-ivoiriennes-ont-raison-de-vendre-la-cote-divoire-sous-langle-touristique-expert\/\">Cliquez ici pour lire l&rsquo;article depuis sa source.<\/a><\/p>\n","protected":false},"excerpt":{"rendered":"<p>Publi\u00e9 le 25.11.2019 \u00e0 23h18 par APA News Les autorit\u00e9s ivoiriennes ont raison de \u00abvendre la C\u00f4te d\u2019Ivoire sous l\u2019angle touristique\u00bb tant le pays offre une \u00ab attraction touristique \u00bb, a estim\u00e9, lundi, dans un entretien \u00e0 APA, Maher Ghidaoui, Directeur g\u00e9n\u00e9ral de Azala\u00ef h\u00f4tel Abidjan.Selon M. Ghidaoui qui a pass\u00e9 les treize derni\u00e8res ann\u00e9es [&hellip;]<\/p>\n","protected":false},"author":1965,"featured_media":0,"comment_status":"closed","ping_status":"closed","sticky":false,"template":"","format":"standard","meta":{"fifu_image_url":"","fifu_image_alt":"","footnotes":""},"categories":[73,82],"tags":[],"class_list":["post-68572","post","type-post","status-publish","format-standard","hentry","category-actualite","category-cameroun"],"_links":{"self":[{"href":"https:\/\/linitiative.ca\/International\/wp-json\/wp\/v2\/posts\/68572","targetHints":{"allow":["GET"]}}],"collection":[{"href":"https:\/\/linitiative.ca\/International\/wp-json\/wp\/v2\/posts"}],"about":[{"href":"https:\/\/linitiative.ca\/International\/wp-json\/wp\/v2\/types\/post"}],"author":[{"embeddable":true,"href":"https:\/\/linitiative.ca\/International\/wp-json\/wp\/v2\/users\/1965"}],"replies":[{"embeddable":true,"href":"https:\/\/linitiative.ca\/International\/wp-json\/wp\/v2\/comments?post=68572"}],"version-history":[{"count":0,"href":"https:\/\/linitiative.ca\/International\/wp-json\/wp\/v2\/posts\/68572\/revisions"}],"wp:attachment":[{"href":"https:\/\/linitiative.ca\/International\/wp-json\/wp\/v2\/media?parent=68572"}],"wp:term":[{"taxonomy":"category","embeddable":true,"href":"https:\/\/linitiative.ca\/International\/wp-json\/wp\/v2\/categories?post=68572"},{"taxonomy":"post_tag","embeddable":true,"href":"https:\/\/linitiative.ca\/International\/wp-json\/wp\/v2\/tags?post=68572"}],"curies":[{"name":"wp","href":"https:\/\/api.w.org\/{rel}","templated":true}]}}