{"id":68574,"date":"2019-11-26T08:20:05","date_gmt":"2019-11-26T13:20:05","guid":{"rendered":"https:\/\/linitiative.ca\/International\/tan-tan-un-marchand-ambulant-abuse-dune-fille-de-9-ans\/"},"modified":"2019-11-26T08:20:05","modified_gmt":"2019-11-26T13:20:05","slug":"tan-tan-un-marchand-ambulant-abuse-dune-fille-de-9-ans","status":"publish","type":"post","link":"https:\/\/linitiative.ca\/International\/tan-tan-un-marchand-ambulant-abuse-dune-fille-de-9-ans\/","title":{"rendered":"Tan-Tan : Un marchand ambulant abuse d\u2019une fille de 9 ans"},"content":{"rendered":"<header>\n<\/header>\n<div class=\"entry-content clearfix\" readability=\"54\"><img decoding=\"async\" class=\"post_layout_5_img\" src=\"http:\/\/aujourdhui.ma\/wp-content\/uploads\/2019\/11\/Viol-Pedo-Abuse.jpg?x29840\" alt=\"Tan-Tan : Un marchand ambulant abuse d\u2019une fille de 9 ans\"\/><\/p>\n<p class=\"p1\"><span class=\"s1\"><span class=\"c4\"><strong>Un marchand ambulant a \u00e9t\u00e9 traduit, vendredi dernier, devant le parquet g\u00e9n\u00e9ral pr\u00e8s la Cour d\u2019appel d\u2019Agadir pour avoir abus\u00e9 sexuellement d\u2019une fillette de 9 ans, \u00e0 Tan-Tan.<\/strong><\/span><\/span> <span id=\"more-324651\"\/><\/p>\n<p class=\"p1\"><span class=\"s1\">En effet, la fille qui est sortie pour jouer non loin de chez elle, dans un quartier de Tan-Tan, n\u2019est retourn\u00e9e chez elle que tardivement, dans un \u00e9tat lamentable. Elle a confi\u00e9 \u00e0 ses parents qu\u2019elle a \u00e9t\u00e9 d\u00e9tourn\u00e9e par leur voisin, qui n\u2019est autre que le marchand ambulant, qui l\u2019a conduite chez lui, \u00e0 un petit d\u00e9p\u00f4t, et l\u2019a sodomis\u00e9e sans piti\u00e9.<\/span><\/p>\n<p class=\"p1\"><span class=\"s1\">Examin\u00e9e par un m\u00e9decin qui lui a livr\u00e9 un certificat m\u00e9dical attestant qu\u2019elle a \u00e9t\u00e9 abus\u00e9e sexuellement. Aussit\u00f4t, une plainte a \u00e9t\u00e9 port\u00e9e par la famille de la fille aupr\u00e8s des gendarmes qui ont diligent\u00e9 une enqu\u00eate sold\u00e9e par l\u2019arrestation du marchand p\u00e9dophile.<\/span><\/p>\n<\/div>\n<p>Auteur: Abderrafii ALOUMLIKI<br \/>\n<a href=\"http:\/\/aujourdhui.ma\/faits-divers\/tan-tan-un-marchand-ambulant-abuse-dune-fille-de-9-ans\">Cliquez ici pour lire l&rsquo;article depuis sa source.<\/a><\/p>\n","protected":false},"excerpt":{"rendered":"<p>Un marchand ambulant a \u00e9t\u00e9 traduit, vendredi dernier, devant le parquet g\u00e9n\u00e9ral pr\u00e8s la Cour d\u2019appel d\u2019Agadir pour avoir abus\u00e9 sexuellement d\u2019une fillette de 9 ans, \u00e0 Tan-Tan. En effet, la fille qui est sortie pour jouer non loin de chez elle, dans un quartier de Tan-Tan, n\u2019est retourn\u00e9e chez elle que tardivement, dans un [&hellip;]<\/p>\n","protected":false},"author":1759,"featured_media":0,"comment_status":"closed","ping_status":"closed","sticky":false,"template":"","format":"standard","meta":{"fifu_image_url":"","fifu_image_alt":"","footnotes":""},"categories":[73,54],"tags":[],"class_list":["post-68574","post","type-post","status-publish","format-standard","hentry","category-actualite","category-maroc"],"_links":{"self":[{"href":"https:\/\/linitiative.ca\/International\/wp-json\/wp\/v2\/posts\/68574","targetHints":{"allow":["GET"]}}],"collection":[{"href":"https:\/\/linitiative.ca\/International\/wp-json\/wp\/v2\/posts"}],"about":[{"href":"https:\/\/linitiative.ca\/International\/wp-json\/wp\/v2\/types\/post"}],"author":[{"embeddable":true,"href":"https:\/\/linitiative.ca\/International\/wp-json\/wp\/v2\/users\/1759"}],"replies":[{"embeddable":true,"href":"https:\/\/linitiative.ca\/International\/wp-json\/wp\/v2\/comments?post=68574"}],"version-history":[{"count":0,"href":"https:\/\/linitiative.ca\/International\/wp-json\/wp\/v2\/posts\/68574\/revisions"}],"wp:attachment":[{"href":"https:\/\/linitiative.ca\/International\/wp-json\/wp\/v2\/media?parent=68574"}],"wp:term":[{"taxonomy":"category","embeddable":true,"href":"https:\/\/linitiative.ca\/International\/wp-json\/wp\/v2\/categories?post=68574"},{"taxonomy":"post_tag","embeddable":true,"href":"https:\/\/linitiative.ca\/International\/wp-json\/wp\/v2\/tags?post=68574"}],"curies":[{"name":"wp","href":"https:\/\/api.w.org\/{rel}","templated":true}]}}