{"id":68575,"date":"2019-11-26T08:30:54","date_gmt":"2019-11-26T13:30:54","guid":{"rendered":"https:\/\/linitiative.ca\/International\/interpretee-par-lopm-romeo-et-juliette-sur-fond-dillustrations\/"},"modified":"2019-11-26T08:30:54","modified_gmt":"2019-11-26T13:30:54","slug":"interpretee-par-lopm-romeo-et-juliette-sur-fond-dillustrations","status":"publish","type":"post","link":"https:\/\/linitiative.ca\/International\/interpretee-par-lopm-romeo-et-juliette-sur-fond-dillustrations\/","title":{"rendered":"Interpr\u00e9t\u00e9e par l\u2019OPM : \u00abRom\u00e9o et Juliette\u00bb sur fond d\u2019illustrations"},"content":{"rendered":"<p><img decoding=\"async\" class=\"post_layout_5_img\" src=\"http:\/\/aujourdhui.ma\/wp-content\/uploads\/2019\/11\/opm.jpg?x29840\" alt=\"Interpr\u00e9t\u00e9e par l\u2019OPM : \u00abRom\u00e9o et Juliette\u00bb sur fond d\u2019illustrations\"\/><\/p>\n<p class=\"p1\"><span class=\"s1\"><span class=\"c4\"><strong>La c\u00e9l\u00e9brissime trag\u00e9die de Shakespeare \u00abRom\u00e9o et Juliette\u00bb sera interpr\u00e9t\u00e9e, du 28 novembre au 3 d\u00e9cembre, par l\u2019Orchestre Philharmonique du Maroc (OPM).<\/strong><\/span><\/span> <span id=\"more-324620\"\/><\/p>\n<p class=\"p1\"><span class=\"s1\">Lors de ces concerts, cette formation de musiciens sera, selon les initiateurs, accompagn\u00e9e d\u2019un ch\u0153ur. <em>\u00abSur sc\u00e8ne, plus de 100 artistes se produiront ainsi \u00e0 Rabat, Agadir, Marrakech et Casablanca\u00bb,<\/em> pr\u00e9cisent les organisateurs. Ces musiciens et choristes seront rassembl\u00e9s le temps d\u2019une symphonie dramatique propos\u00e9e par le compositeur fran\u00e7ais H\u00e9ctor Berlioz sur le th\u00e8me des amoureux maudits.<\/span><\/p>\n<p class=\"p1\"><span class=\"s1\">Plus qu\u2019une simple histoire d\u2019amour sur fond de querelle familiale, la trag\u00e9die des amants de V\u00e9rone est, selon la m\u00eame source, un v\u00e9ritable mythe, une r\u00e9flexion intemporelle sur le d\u00e9sir et l\u2019interdit, la volont\u00e9 et la fatalit\u00e9, la passion et la mort. <em>\u00abPour accentuer le tragique de l\u2019histoire, Berlioz a adjoint \u00e0 l\u2019orchestre symphonique un ch\u0153ur, ainsi que trois solistes\u00bb,<\/em> ajoute la m\u00eame source. Cette tourn\u00e9e sera \u00e9galement l\u2019occasion de proposer un spectacle <em>\u00abd\u2019un nouveau genre, en associant l\u2019image \u00e0 la musique\u00bb.<\/em> C\u2019est la jeune artiste L\u00e9a Ibrahimi qui illustrera, \u00e0 la demande de l\u2019OPM, l\u2019histoire des amants maudits, avec une s\u00e9rie de dessins originaux qui seront projet\u00e9s pendant le concert. <em>\u00abCes dessins modernes et graphiques enrichiront l\u2019expe\u0301rience du spectateur\u00bb,<\/em> encha\u00eenent les organisateurs.<\/span><\/p>\n<p class=\"p1\"><span class=\"s1\">Ce concert spectacle entend donner un support imag\u00e9 \u00e0 l\u2019univers dramatique de Rom\u00e9o et Juliette.<\/span><\/p>\n<p class=\"p1\"><span class=\"s1\">Un long travail de mise en sc\u00e8ne, comme pour un op\u00e9ra, a \u00e9t\u00e9 d\u00e9ploy\u00e9 par l\u2019\u00e9quipe artistique de l\u2019Orchestre Philharmonique du Maroc, pour donner vie en image et en musique aux amants maudits de V\u00e9rone.<\/span><\/p>\n<p class=\"p1\"><span class=\"s1\">Lors de ces spectacles, l\u2019orchestre et le ch\u0153ur seront dirig\u00e9s par le chef Herv\u00e9 Niquet. Ces concerts seront \u00e9galement marqu\u00e9s par la participation, entre autres, des artistes Kristian Paul, baryton, H\u00e9lo\u00efse Mas, soprano, et Abdellah Lasri, tenor.<\/span><\/p>\n<p class=\"p1\"><span class=\"s1\">Outre \u00abRom\u00e9o et Juliette\u00bb, qui fait partie de la saison 2019-2020, l\u2019OPM a d\u00e9j\u00e0 produit, en 2018, le ballet de Prokofiev.<\/span><\/p>\n<p class=\"p1\"><span class=\"s1\">Pour rappel, \u00e0 chaque saison, l\u2019orchestre donne une cinquantaine de concerts, offrant ainsi a\u0300 son public une grande varie\u0301te\u0301 de programmes sur trois sie\u0300cles de musique, du grand re\u0301pertoire symphonique a\u0300 la musique contemporaine, en passant par l\u2019ope\u0301ra et la musique de chambre.<\/span><\/p>\n<div class=\"base-box mom_box_sc_custom mom_box_sc clear c6\" readability=\"21\">\n<p class=\"p1\"><span class=\"s1 c5\"><strong>Dates et lieux \u00e0 retenir<\/strong><\/span><\/p>\n<p class=\"p1\"><span class=\"s1\"><strong>\u2022 Jeudi 28 novembre<\/strong>\u00a0<\/span><\/p>\n<p class=\"p1\"><span class=\"s1\"><span class=\"Apple-converted-space\">\u00a0<\/span> 20h30 -Th\u00e9\u00e2tre national<\/span><span class=\"s1\"><span class=\"Apple-converted-space\">\u00a0<\/span>Mohammed<span class=\"Apple-converted-space\">\u00a0<\/span> V, Rabat<\/span><\/p>\n<p class=\"p1\"><span class=\"s1\"><strong>\u2022 Vendredi 29 novembre<\/strong><\/span><\/p>\n<p class=\"p1\"><span class=\"s1\"><span class=\"Apple-converted-space\">\u00a0<\/span> 20h Palais des congr\u00e8s \u2013\u00a0<\/span><span class=\"s1\">Les dunes d\u2019or, Agadir<\/span><\/p>\n<p class=\"p1\"><span class=\"s1\"><strong>\u2022 Samedi 30 novembre<\/strong><\/span><\/p>\n<p class=\"p1\"><span class=\"s1\"><span class=\"Apple-converted-space\">\u00a0<\/span> 20h \u2013 The\u0301a\u0302tre Royal,\u00a0<\/span><span class=\"s1\"><span class=\"Apple-converted-space\">\u00a0<\/span> Marrakech<\/span><\/p>\n<p class=\"p1\"><span class=\"s1\"><strong>\u2022 Lundi 2 et mardi<span class=\"Apple-converted-space\">\u00a0<\/span> 3 de\u0301cembre<\/strong><span class=\"Apple-converted-space\">\u00a0 \u00a0<\/span><\/span><\/p>\n<p class=\"p1\"><span class=\"s1\"><span class=\"Apple-converted-space\">\u00a0<\/span> 20h30 Megarama,\u00a0<\/span><span class=\"s1\"><span class=\"Apple-converted-space\">\u00a0<\/span>Casablanca<\/span><\/p>\n<\/div>\n<p>Auteur: ALM<br \/>\n<a href=\"http:\/\/aujourdhui.ma\/culture\/musique\/interpretee-par-lopm-romeo-et-juliette-sur-fond-dillustrations\">Cliquez ici pour lire l&rsquo;article depuis sa source.<\/a><\/p>\n","protected":false},"excerpt":{"rendered":"<p>La c\u00e9l\u00e9brissime trag\u00e9die de Shakespeare \u00abRom\u00e9o et Juliette\u00bb sera interpr\u00e9t\u00e9e, du 28 novembre au 3 d\u00e9cembre, par l\u2019Orchestre Philharmonique du Maroc (OPM). Lors de ces concerts, cette formation de musiciens sera, selon les initiateurs, accompagn\u00e9e d\u2019un ch\u0153ur. \u00abSur sc\u00e8ne, plus de 100 artistes se produiront ainsi \u00e0 Rabat, Agadir, Marrakech et Casablanca\u00bb, pr\u00e9cisent les organisateurs. [&hellip;]<\/p>\n","protected":false},"author":1759,"featured_media":0,"comment_status":"closed","ping_status":"closed","sticky":false,"template":"","format":"standard","meta":{"fifu_image_url":"","fifu_image_alt":"","footnotes":""},"categories":[73,54],"tags":[],"class_list":["post-68575","post","type-post","status-publish","format-standard","hentry","category-actualite","category-maroc"],"_links":{"self":[{"href":"https:\/\/linitiative.ca\/International\/wp-json\/wp\/v2\/posts\/68575","targetHints":{"allow":["GET"]}}],"collection":[{"href":"https:\/\/linitiative.ca\/International\/wp-json\/wp\/v2\/posts"}],"about":[{"href":"https:\/\/linitiative.ca\/International\/wp-json\/wp\/v2\/types\/post"}],"author":[{"embeddable":true,"href":"https:\/\/linitiative.ca\/International\/wp-json\/wp\/v2\/users\/1759"}],"replies":[{"embeddable":true,"href":"https:\/\/linitiative.ca\/International\/wp-json\/wp\/v2\/comments?post=68575"}],"version-history":[{"count":0,"href":"https:\/\/linitiative.ca\/International\/wp-json\/wp\/v2\/posts\/68575\/revisions"}],"wp:attachment":[{"href":"https:\/\/linitiative.ca\/International\/wp-json\/wp\/v2\/media?parent=68575"}],"wp:term":[{"taxonomy":"category","embeddable":true,"href":"https:\/\/linitiative.ca\/International\/wp-json\/wp\/v2\/categories?post=68575"},{"taxonomy":"post_tag","embeddable":true,"href":"https:\/\/linitiative.ca\/International\/wp-json\/wp\/v2\/tags?post=68575"}],"curies":[{"name":"wp","href":"https:\/\/api.w.org\/{rel}","templated":true}]}}