{"id":68577,"date":"2019-11-26T08:58:03","date_gmt":"2019-11-26T13:58:03","guid":{"rendered":"https:\/\/linitiative.ca\/International\/les-psychologues-militent-pour-la-reglementation-de-leur-profession\/"},"modified":"2019-11-26T08:58:03","modified_gmt":"2019-11-26T13:58:03","slug":"les-psychologues-militent-pour-la-reglementation-de-leur-profession","status":"publish","type":"post","link":"https:\/\/linitiative.ca\/International\/les-psychologues-militent-pour-la-reglementation-de-leur-profession\/","title":{"rendered":"Les psychologues militent pour la r\u00e9glementation de leur profession"},"content":{"rendered":"<header>\n<\/header>\n<div class=\"entry-content clearfix\" readability=\"62\"><img decoding=\"async\" class=\"post_layout_5_img\" src=\"http:\/\/aujourdhui.ma\/wp-content\/uploads\/2019\/11\/psychologues.jpg?x29840\" alt=\"Les psychologues militent pour la r\u00e9glementation de leur profession\"\/><\/p>\n<p class=\"p1\"><span class=\"c4\"><strong><span class=\"s1\"><em>Une journ\u00e9e de mobilisation est pr\u00e9vue le samedi 30 novembre \u00e0 Casablanca<\/em><\/span><\/strong><\/span> <span id=\"more-324580\"\/><\/p>\n<div class=\"base-box mom_box_sc_custom mom_box_sc clear c5\" readability=\"9\">\n<p class=\"p1\"><strong><span class=\"s1\"><em>Ce r\u00e9seau de psychologues est constitu\u00e9 de professionnels \u0153uvrant depuis plusieurs ann\u00e9es dans le domaine se mobilise dans l\u2019objectif de convier et rassembler les psychologues du Royaume pour dresser un \u00e9tat des lieux de tous les aspects de la profession de psychologue au Maroc.<\/em><\/span><\/strong><\/p>\n<\/div>\n<p class=\"p1\"><span class=\"s1\">La profession de psychologue n\u2019est <span class=\"Apple-converted-space\">\u00a0<\/span> toujours pas r\u00e9glement\u00e9e au Maroc. Cette absence de r\u00e9glementation a des cons\u00e9quences importantes sur la sant\u00e9 du patient qui peut \u00eatre amen\u00e9 \u00e0 consulter un charlatan. Un r\u00e9seau de psychologues repr\u00e9sentant trois associations marocaines, \u00e0 savoir la Soci\u00e9t\u00e9 marocaine, des psychologues cliniciens, le Collectif Psy et l\u2019Association marocaine de psychologie de l\u2019enfant et de l\u2019adolescent militent pour la r\u00e9glementation de leur profession.<\/span><\/p>\n<p class=\"p1\"><span class=\"s1\"><span class=\"Apple-converted-space\">\u00a0<\/span> Ces associations estiment que l\u2019absence de r\u00e9glementation <em>\u00ab laisse la place \u00e0 une multitude d\u2019intervenants autoproclam\u00e9s professionnels opportunistes de la mis\u00e8re humaine, qui font courir aux citoyens usagers les pires dangers par des interventions h\u00e9las trop improvis\u00e9es et qui abusent du malheur des personnes vuln\u00e9rables\u00bb.<\/em><span class=\"Apple-converted-space\">\u00a0<\/span> Ce r\u00e9seau de psychologues constitu\u00e9 de professionnels \u0153uvrant depuis plusieurs ann\u00e9es dans le domaine se mobilise dans l\u2019objectif de convier et rassembler les psychologues du Royaume pour dresser<span class=\"Apple-converted-space\">\u00a0<\/span> un \u00e9tat des lieux de tous les aspects de la profession de psychologue au Maroc toutes sp\u00e9cialit\u00e9s et ob\u00e9diences confondues (psychologues cliniciens, psychosociologues, psychologues scolaires ou psychologues du travail, etc.).<\/span><\/p>\n<p class=\"p1\"><span class=\"s1\">Pour cela, ces derniers ont d\u00e9cid\u00e9 d\u2019organiser une journ\u00e9e de mobilisation et de travail qui se tiendra le samedi 30 novembre \u00e0 Casablanca. Lors de cette rencontre, divers sujets seront d\u00e9battus, en l\u2019occurrence les formations universitaires, les pratiques professionnelles et les champs d\u2019exercice, les aspects juridiques et fiscaux, les questions d\u2019\u00e9thique et d\u00e9ontologiques ainsi que l\u2019insertion professionnelle des dipl\u00f4m\u00e9s.<\/span><\/p>\n<\/div>\n<p>Auteur: ALM<br \/>\n<a href=\"http:\/\/aujourdhui.ma\/societe\/les-psychologues-militent-pour-la-reglementation-de-leur-profession\">Cliquez ici pour lire l&rsquo;article depuis sa source.<\/a><\/p>\n","protected":false},"excerpt":{"rendered":"<p>Une journ\u00e9e de mobilisation est pr\u00e9vue le samedi 30 novembre \u00e0 Casablanca Ce r\u00e9seau de psychologues est constitu\u00e9 de professionnels \u0153uvrant depuis plusieurs ann\u00e9es dans le domaine se mobilise dans l\u2019objectif de convier et rassembler les psychologues du Royaume pour dresser un \u00e9tat des lieux de tous les aspects de la profession de psychologue au [&hellip;]<\/p>\n","protected":false},"author":1759,"featured_media":0,"comment_status":"closed","ping_status":"closed","sticky":false,"template":"","format":"standard","meta":{"fifu_image_url":"","fifu_image_alt":"","footnotes":""},"categories":[73,54],"tags":[],"class_list":["post-68577","post","type-post","status-publish","format-standard","hentry","category-actualite","category-maroc"],"_links":{"self":[{"href":"https:\/\/linitiative.ca\/International\/wp-json\/wp\/v2\/posts\/68577","targetHints":{"allow":["GET"]}}],"collection":[{"href":"https:\/\/linitiative.ca\/International\/wp-json\/wp\/v2\/posts"}],"about":[{"href":"https:\/\/linitiative.ca\/International\/wp-json\/wp\/v2\/types\/post"}],"author":[{"embeddable":true,"href":"https:\/\/linitiative.ca\/International\/wp-json\/wp\/v2\/users\/1759"}],"replies":[{"embeddable":true,"href":"https:\/\/linitiative.ca\/International\/wp-json\/wp\/v2\/comments?post=68577"}],"version-history":[{"count":0,"href":"https:\/\/linitiative.ca\/International\/wp-json\/wp\/v2\/posts\/68577\/revisions"}],"wp:attachment":[{"href":"https:\/\/linitiative.ca\/International\/wp-json\/wp\/v2\/media?parent=68577"}],"wp:term":[{"taxonomy":"category","embeddable":true,"href":"https:\/\/linitiative.ca\/International\/wp-json\/wp\/v2\/categories?post=68577"},{"taxonomy":"post_tag","embeddable":true,"href":"https:\/\/linitiative.ca\/International\/wp-json\/wp\/v2\/tags?post=68577"}],"curies":[{"name":"wp","href":"https:\/\/api.w.org\/{rel}","templated":true}]}}