{"id":68578,"date":"2019-11-26T05:30:36","date_gmt":"2019-11-26T10:30:36","guid":{"rendered":"https:\/\/linitiative.ca\/International\/lenjeu-du-derby-est-toujours-ailleurs\/"},"modified":"2019-11-26T05:30:36","modified_gmt":"2019-11-26T10:30:36","slug":"lenjeu-du-derby-est-toujours-ailleurs","status":"publish","type":"post","link":"https:\/\/linitiative.ca\/International\/lenjeu-du-derby-est-toujours-ailleurs\/","title":{"rendered":"L\u2019enjeu du derby est toujours ailleurs"},"content":{"rendered":"<p class=\"c2\"><strong><br \/><\/strong><strong>Par<\/strong> <strong>Abderrahim Bourkia*<\/strong><\/p>\n<p class=\"has-text-color has-vivid-cyan-blue-color\"><strong>Dans la qu\u00eate d\u2019une visibilit\u00e9 et d\u2019une reconnaissance de la part des autres groupes rivaux ou qui soutiennent la m\u00eame \u00e9quipe, ou de la part des m\u00e9dias, les supporters ultras sont pr\u00eats \u00e0 tout pour se distinguer avant, durant, et apr\u00e8s la rencontre. C\u2019est en substance, ce qu\u2019on a\u00a0 vu durant les deux derniers derbies \u00e0 travers des animations visuelles.\u00a0 Il faut dire que les supporters ont fait une forte sensation samedi dernier au mythique complexe Mohamed V.<\/strong><\/p>\n<p>Les ultras des deux clubs ont sorti le grand jeu pour ce derby de la coupe des Champions Arabes, avec plusieurs \u0153uvres collectives de toute beaut\u00e9 et de qualit\u00e9 chor\u00e9graphique originale, apr\u00e8s chaque but marqu\u00e9 ; t\u00e9moignant de la cr\u00e9ativit\u00e9 artistique des jeunes supporters et membres des groupes en qu\u00eate d\u2019une confirmation identitaire.<\/p>\n<p>Tout est \u00e0 l\u2019honneur des ultras antagonistes en particulier, et des ultras supportant les autres clubs au Maroc qui se reconnaissent et gravitent autour de cette culture footballistique.\u00a0 Comme \u00e0 l\u2019accoutum\u00e9, ces actions sont organis\u00e9es sur le mode op\u00e9ratoire \u00abclassique\u00bb, humoristique et spectaculaire.<\/p>\n<p>Apr\u00e8s le tifo du dragon et aussi \u00a0celui immortalisant\u00a0 \u00abPitchou\u00bb en attente de reprise d\u2019un match de la deuxi\u00e8me mi-temps, \u00a0d\u00e9clin\u00e9 par les rivaux, selon la l\u00e9gende des Wydadis; et \u00abla cantatrice chauve\u00bb des Ultras Eagles en match aller, les deux publics ont encore une fois\u00a0 r\u00e9cidiv\u00e9 et ce \u00a0de la plus belle mani\u00e8re.<\/p>\n<p>Et nous avons pris plein les mirettes\u00a0: c\u00f4t\u00e9 vert, ils ont persist\u00e9 et sign\u00e9 en se r\u00e9f\u00e9rant \u00e0 la chambre 101, une salle sp\u00e9ciale d\u00e9di\u00e9e \u00e0 torture dans le c\u00e9l\u00e8bre roman 1984 de l\u2019\u00e9crivain George Orwell. De mon point de vue, le virage Magana Curva Sud, camp de base des ultras du Raja, est la salle 101 des cauchemars.<\/p>\n<p>S\u2019inscrivant dans une vision empathique, selon Max Weber, le message que voulaient faire passer les fans des Verts \u00e0 leurs protagonistes, est que le virage Magana Curva Sud est le\u00a0 lieu de tous les cauchemars, \u00e0 l\u2019instar de la chambre 101.\u00a0 Certainement, Il pourrait y avoir d\u2019autres interpr\u00e9tations, selon le positionnement de l\u2019observateur ou encore au regard du niveau des interactions des deux protagonistes, synonyme de violence symbolique, selon approche bourdisienne.<\/p>\n<p>Comme quoi, le virage Magana Curva Sud, camp de base des ultras du Raja, constitue une parfaite illustration de la chambre 101 et le tifo est porteur d\u2019un message en filigrane\u00a0: \u00abvotre souffrance ne s\u2019arr\u00eatera jamais avec nous, sera perp\u00e9tuelle et durera dans le temps et vous n\u2019aurez jamais assez\u00bb.<\/p>\n<p>En continuant sur la m\u00eame lanc\u00e9e, les Rajawis ont arbor\u00e9 un autre tifo d\u2019envergue \u00e0 l\u2019effigie d\u2019Alex le chef de la bande \u00abDroogies\u00bb, incarnant un personnage d\u00e9viant et d\u2019une psychologique instable dans le\u00a0 film culte et intemporel \u00a0\u00abOrange m\u00e9canique\u00bb, r\u00e9alis\u00e9 par Stanely Kubrick, demeure une r\u00e9f\u00e9rence pour les critique de cin\u00e9ma, car ce chef-d\u2019\u0153uvre est une parfaite traduction de la violence sous diff\u00e9rente forme\u00a0: politique, culturelle et socio-\u00e9conomique.<\/p>\n<p><strong>Les Ultras, porteurs de messages<\/strong><\/p>\n<p>Et le sens donn\u00e9 et recherch\u00e9 par les supporters, de mon point de vue est double, et l\u2019interpr\u00e9tation que l\u2019on pourrait faire tout d\u2019abord est celle de supporter ultra rebel,\u00a0 qui n\u2019a pas froid aux yeux et ne se retient devant rien\u2026C\u2019est l\u2019image incarn\u00e9e par le supporter cherchant \u00e0 para\u00eetre fort, courageux et violent. Et puis, en corr\u00e9lation avec la chambre 101, une s\u00e9quence me vient \u00e0 l\u2019esprit, o\u00f9 Alex subi une tentative de r\u00e9habilitation gr\u00e2ce un conditionnement psychologique traumatisant. On le force \u00e0 regarder des images violentes et malsaines, les yeux \u00e9carquill\u00e9s. Le message serait que les Rajawis font subir \u00abla torture\u00bb aux Wydadis au stade Mohamed V \u00e0 chaque match de football.<\/p>\n<p>Ce tifo combin\u00e9 avec le portrait des joueurs et surtout de Salaheddine Bassir mains lev\u00e9s faisant signe de victoire lors d\u2019un match qui s\u2019est sold\u00e9 par 5 buts \u00e0 1 en faveur des Verts, corrobore le sens vis\u00e9 par les ultras du Raja.<\/p>\n<p>De l\u2019autre c\u00f4t\u00e9, les tifos du Wydad ne sortent pas du m\u00eame registre d\u2019interactions collectives pour\u00a0 manifester leur opposition aux ultras de la Curva Sud. Le tifo de l\u2019empereur couronn\u00e9 en rouge et en dor\u00e9, entour\u00e9 de courtisans et ministres, et devant lui un jongleur habill\u00e9 en vert, peut se donner une grille de lecture que le Wydad est le ma\u00eetre et le Raja est l\u00e0 juste \u00a0pour jouer le r\u00f4le de figurant.<\/p>\n<p>Idem pour l\u2019immense fresque drap\u00e9e o\u00f9 l\u2019on voit des pompiers, qui selon une interpr\u00e9tation s\u00e9miologique, synonymes d\u2019une mise au point pour \u00e9teindre les flammes des ultras des autres protagonistes. Il s\u2019agit, en fait, des actions collectives qui vibrent avec le d\u00e9roulement de la partie o\u00f9 les supporters passent d\u2019une \u00e9motion \u00e0 une autre.<\/p>\n<p>Sur la pelouse, le jeu se d\u00e9roulait en symbiose parfaite avec l\u2019ambiance des gradins. Et nous avons vu des supporters en osmose avec les joueurs, tel un miroir affectif oppos\u00e9 autres et port\u00e9 par les deux grands publics qui ont bel et bien assur\u00e9 un grand spectacle.<\/p>\n<p>Une forme de fusion totale\u00a0des individus dans l\u2019identit\u00e9 collective du groupe ultra, que nous pouvons expliquer par cette forte solidarit\u00e9, se traduisant par une vive sympathie et une identification mutuelle fond\u00e9e sur la fusion des supporters et des joueurs.<\/p>\n<p>A un moment donn\u00e9,\u00a0 les ultras du Raja arbore une fresque humoristique de Daisy, la femme de Donald Duck, avec des dollars autour, habill\u00e9e en robe avec l\u2019effigie d\u2019un dragon lanceur du feu et cherchant \u00e0 rafler la coupe des champions Arabes, qui rappelle, en fait,\u00a0 le tifo du match aller. Une mani\u00e8re de ridiculiser le symbole du Wydad qui est une oie qui voulait se reconvertir en dragon et il est temps de la remettre \u00e0 sa place.<\/p>\n<p>Ainsi, l\u2019enjeu du derby est toujours ailleurs et les grands matchs sont une occasion d\u2019asseoir sa sup\u00e9riorit\u00e9, son savoir-faire comme j\u2019ai d\u00e9j\u00e0 dit sa culture g\u00e9n\u00e9rale, son d\u00e9vouement aux clubs et aussi son talent.<\/p>\n<p>Et surtout montrer au grand public que les Ultras de Casablanca ne sont pas que des \u00abmachines hurlantes\u00bb avides qui\u00a0 cherchent\u00a0 la violence mais des porteurs de messages et capables de v\u00e9hiculer une bonne image du football et redorer son blason terni par des ann\u00e9es de dysfonctionnement.\u00a0 Que l\u2019on soit \u00e0 Tanger, Oujda, Agadir, Fes, ou Rabat, les manifestations des Ultras se sont faites de plus en plus visibles pour\u00a0 changer l\u2019image n\u00e9gative appos\u00e9e sur eux.<\/p>\n<p class=\"c2\"><strong>*(Journaliste et sociologue)<\/strong><\/p>\n<p>Auteur: M&rsquo;hammed rahal<br \/>\n<a href=\"http:\/\/albayane.press.ma\/lenjeu-du-derby-est-toujours-ailleurs.html\">Cliquez ici pour lire l&rsquo;article depuis sa source.<\/a><\/p>\n","protected":false},"excerpt":{"rendered":"<p>Par Abderrahim Bourkia* Dans la qu\u00eate d\u2019une visibilit\u00e9 et d\u2019une reconnaissance de la part des autres groupes rivaux ou qui soutiennent la m\u00eame \u00e9quipe, ou de la part des m\u00e9dias, les supporters ultras sont pr\u00eats \u00e0 tout pour se distinguer avant, durant, et apr\u00e8s la rencontre. C\u2019est en substance, ce qu\u2019on a\u00a0 vu durant les [&hellip;]<\/p>\n","protected":false},"author":1760,"featured_media":0,"comment_status":"closed","ping_status":"closed","sticky":false,"template":"","format":"standard","meta":{"fifu_image_url":"","fifu_image_alt":"","footnotes":""},"categories":[73,54],"tags":[],"class_list":["post-68578","post","type-post","status-publish","format-standard","hentry","category-actualite","category-maroc"],"_links":{"self":[{"href":"https:\/\/linitiative.ca\/International\/wp-json\/wp\/v2\/posts\/68578","targetHints":{"allow":["GET"]}}],"collection":[{"href":"https:\/\/linitiative.ca\/International\/wp-json\/wp\/v2\/posts"}],"about":[{"href":"https:\/\/linitiative.ca\/International\/wp-json\/wp\/v2\/types\/post"}],"author":[{"embeddable":true,"href":"https:\/\/linitiative.ca\/International\/wp-json\/wp\/v2\/users\/1760"}],"replies":[{"embeddable":true,"href":"https:\/\/linitiative.ca\/International\/wp-json\/wp\/v2\/comments?post=68578"}],"version-history":[{"count":0,"href":"https:\/\/linitiative.ca\/International\/wp-json\/wp\/v2\/posts\/68578\/revisions"}],"wp:attachment":[{"href":"https:\/\/linitiative.ca\/International\/wp-json\/wp\/v2\/media?parent=68578"}],"wp:term":[{"taxonomy":"category","embeddable":true,"href":"https:\/\/linitiative.ca\/International\/wp-json\/wp\/v2\/categories?post=68578"},{"taxonomy":"post_tag","embeddable":true,"href":"https:\/\/linitiative.ca\/International\/wp-json\/wp\/v2\/tags?post=68578"}],"curies":[{"name":"wp","href":"https:\/\/api.w.org\/{rel}","templated":true}]}}