{"id":68580,"date":"2019-11-26T06:06:43","date_gmt":"2019-11-26T11:06:43","guid":{"rendered":"https:\/\/linitiative.ca\/International\/pacte-national-pour-lenfant-2021-2030\/"},"modified":"2019-11-26T06:06:43","modified_gmt":"2019-11-26T11:06:43","slug":"pacte-national-pour-lenfant-2021-2030","status":"publish","type":"post","link":"https:\/\/linitiative.ca\/International\/pacte-national-pour-lenfant-2021-2030\/","title":{"rendered":"Pacte national pour l\u2019enfant 2021-2030"},"content":{"rendered":"<p class=\"has-text-color has-vivid-red-color c2\"><strong>Une feuille de route ax\u00e9e sur la coordination!<\/strong><\/p>\n<p class=\"has-text-color has-vivid-cyan-blue-color\"><strong>Le Maroc amorce une nouvelle \u00e9tape en mati\u00e8re de promotion des droits de l\u2019enfant\u00a0! Le Royaume vient d\u2019adopter un nouveau \u00abPacte national pour l\u2019enfant\u00bb pour la p\u00e9riode 2021-2030. La nouvelle feuille de route, qui a \u00e9t\u00e9 pr\u00e9sent\u00e9e samedi dernier \u00e0 Marrakech, dans le cadre du 16<sup>e<\/sup> Congr\u00e8s national des droits de l\u2019enfant, a pour objectif de concr\u00e9tiser les droits de l\u2019enfant marocain et de permettre au Maroc d\u2019atteindre les objectifs de d\u00e9veloppement durable (ODD) \u00e0 l\u2019horizon 2030.<\/strong><\/p>\n<p>Apr\u00e8s le Plan d\u2019action national pour l\u2019enfance de 1992 et celui de 2006-2015 intitul\u00e9 \u00abUn Maroc digne de ses enfants\u00bb, le Maroc se dote d\u00e9sormais d\u2019un Pacte pour l\u2019enfance. Cette fois, il ne s\u2019agit pas d\u2019une simple feuille de route \u00e0 d\u00e9cliner, mais d\u2019un engagement et d\u2019un accord entre les diff\u00e9rents secteurs concern\u00e9s par l\u2019enfance. C\u2019est d\u2019ailleurs dans cette optique, que le Pacte a \u00e9t\u00e9 paraph\u00e9 conjointement par diff\u00e9rents ministres (justice, \u00e9ducation, sant\u00e9, finances, droits de l\u2019Homme, int\u00e9rieur\u2026), dans le cadre d\u2019une approche syst\u00e9mique et int\u00e9gr\u00e9e de la gestion et de gouvernance de l\u2019enfance.<\/p>\n<p>Pr\u00e9sent\u00e9 lors de la s\u00e9ance de cl\u00f4ture du 16<sup>e<\/sup> congr\u00e8s national des droits de l\u2019enfant par Lamia Bazir, directrice ex\u00e9cutive de l\u2019ONDE, en pr\u00e9sence de Sa Majest\u00e9 la Princesse Lalla Meryem, ce pacte se veut multidimensionnel et aborde diff\u00e9rents aspects des droits de l\u2019enfant. \u00a0Ainsi, sur le plan culturel, son objectif est de promouvoir l\u2019image de l\u2019enfant en tant que richesse nationale. Le Pacte vise \u00e9galement \u00e0 r\u00e9duire les disparit\u00e9s socio-spatiales entre les enfants. A cet effet, les minist\u00e8res de la sant\u00e9, de l\u2019\u00e9ducation et de l\u2019int\u00e9rieur s\u2019engagent pour les dix prochaines ann\u00e9es \u00e0 am\u00e9liorer la qualit\u00e9 des services publics et \u00e0 favoriser davantage leur acc\u00e8s \u00e0 toutes les cat\u00e9gories d\u2019enfants.<\/p>\n<p>M\u00eame si au cours des derni\u00e8res ann\u00e9es, des efforts ont \u00e9t\u00e9 enregistr\u00e9s sur le plan l\u00e9gislatif et judiciaire, le pacte pr\u00e9voit la mise en \u0153uvre de nouvelles mesures. Il s\u2019agit, notamment de renforcer les dispositifs de protection alternatifs pour les enfants sans familles et en situation difficile. Toujours sur le volet judiciaire, le minist\u00e8re public en partenariat avec l\u2019ONDE devra penser \u00e0 des programmes et formations avec pour objectif d\u2019ancrer l\u2019int\u00e9r\u00eat sup\u00e9rieur de l\u2019enfant dans la pratique judiciaire.<\/p>\n<p>Autre nouveaut\u00e9, le parlement devra dor\u00e9navant consulter syst\u00e9matiquement le parlement de l\u2019enfant pour toute l\u00e9gislation concernant les enfants. Pour pr\u00e9venir et interdire toutes les formes d\u2019abus, d\u2019exploitation et de violence \u00e0 l\u2019\u00e9gard des enfants, le comit\u00e9 interminist\u00e9riel pr\u00e9sid\u00e9 par le chef du gouvernement devra mettre en \u0153uvre un arsenal efficace et complet en la mati\u00e8re.<\/p>\n<p>Sur le plan institutionnel, une plateforme de coordination dudit pacte sera mise en place. L\u2019objectif \u00e9tant de f\u00e9d\u00e9rer les efforts des diff\u00e9rentes parties prenantes et optimiser l\u2019action publique. Dans l\u2019optique de mesurer les r\u00e9sultats concrets, l\u2019ONDE et le Haut-commissariat au Plan (HCP) mettront en place au sein de l\u2019ONDE, un observatoire de l\u2019enfance pour faire l\u2019inventaire des intervenants et des programmes qui ciblent l\u2019enfance. Le but de cet observatoire sera de faciliter la prise de d\u00e9cision pour l\u2019am\u00e9lioration des r\u00e9sultats. Pour concr\u00e9tiser tous ces objectifs, un budget sensible \u00e0 l\u2019enfance sera mis en place par le minist\u00e8re des finances. Selon Lamia Bazir, \u00abce nouveau pacte se veut historique dans la mesure o\u00f9 de nombreux ministres se sont engag\u00e9s dans des projets op\u00e9rationnels et des programmes structurants et devront adopter des outils de gouvernance et de gestion efficaces ax\u00e9s sur les r\u00e9sultats\u00bb.<\/p>\n<p>A noter que ce nouveau pacte, en plus de promouvoir les droits des enfants marocains, se fixe \u00e9galement pour objectif de promouvoir les droits des enfants \u00e0 l\u2019\u00e9chelle continentale. En effet, dans le cadre du Pacte, il est question de d\u00e9velopper le programme \u00abVilles sans enfants en situation de rue\u00bb en Afrique en diffusant une boite \u00e0 outils pr\u00e9par\u00e9e par l\u2019ONDE (\u00e0 travers l\u2019exemple pilote de Rabat) aux responsables des villes africaines. Au cours de la c\u00e9r\u00e9monie de cl\u00f4ture, cette palette d\u2019outils a \u00e9t\u00e9 remise \u00e0 Jean-Pierre Elong Mbassi, secr\u00e9taire g\u00e9n\u00e9ral de Cit\u00e9s et gouvernements locaux (CGLU)-Afrique, qui devra les distribuer par la suite aux diff\u00e9rents \u00e9lus territoriaux africains.<\/p>\n<p class=\"c3\"><strong>DNES \u00e0 Marrakech Danielle Engolo<\/strong><\/p>\n<p>Auteur: M&rsquo;hammed rahal<br \/>\n<a href=\"http:\/\/albayane.press.ma\/pacte-national-pour-lenfant-2021-2030.html\">Cliquez ici pour lire l&rsquo;article depuis sa source.<\/a><\/p>\n","protected":false},"excerpt":{"rendered":"<p>Une feuille de route ax\u00e9e sur la coordination! Le Maroc amorce une nouvelle \u00e9tape en mati\u00e8re de promotion des droits de l\u2019enfant\u00a0! Le Royaume vient d\u2019adopter un nouveau \u00abPacte national pour l\u2019enfant\u00bb pour la p\u00e9riode 2021-2030. La nouvelle feuille de route, qui a \u00e9t\u00e9 pr\u00e9sent\u00e9e samedi dernier \u00e0 Marrakech, dans le cadre du 16e Congr\u00e8s [&hellip;]<\/p>\n","protected":false},"author":1760,"featured_media":0,"comment_status":"closed","ping_status":"closed","sticky":false,"template":"","format":"standard","meta":{"fifu_image_url":"","fifu_image_alt":"","footnotes":""},"categories":[73,54],"tags":[],"class_list":["post-68580","post","type-post","status-publish","format-standard","hentry","category-actualite","category-maroc"],"_links":{"self":[{"href":"https:\/\/linitiative.ca\/International\/wp-json\/wp\/v2\/posts\/68580","targetHints":{"allow":["GET"]}}],"collection":[{"href":"https:\/\/linitiative.ca\/International\/wp-json\/wp\/v2\/posts"}],"about":[{"href":"https:\/\/linitiative.ca\/International\/wp-json\/wp\/v2\/types\/post"}],"author":[{"embeddable":true,"href":"https:\/\/linitiative.ca\/International\/wp-json\/wp\/v2\/users\/1760"}],"replies":[{"embeddable":true,"href":"https:\/\/linitiative.ca\/International\/wp-json\/wp\/v2\/comments?post=68580"}],"version-history":[{"count":0,"href":"https:\/\/linitiative.ca\/International\/wp-json\/wp\/v2\/posts\/68580\/revisions"}],"wp:attachment":[{"href":"https:\/\/linitiative.ca\/International\/wp-json\/wp\/v2\/media?parent=68580"}],"wp:term":[{"taxonomy":"category","embeddable":true,"href":"https:\/\/linitiative.ca\/International\/wp-json\/wp\/v2\/categories?post=68580"},{"taxonomy":"post_tag","embeddable":true,"href":"https:\/\/linitiative.ca\/International\/wp-json\/wp\/v2\/tags?post=68580"}],"curies":[{"name":"wp","href":"https:\/\/api.w.org\/{rel}","templated":true}]}}