{"id":68581,"date":"2019-11-26T06:22:52","date_gmt":"2019-11-26T11:22:52","guid":{"rendered":"https:\/\/linitiative.ca\/International\/le-gouvernement-parallele-des-jeunes\/"},"modified":"2019-11-26T06:22:52","modified_gmt":"2019-11-26T11:22:52","slug":"le-gouvernement-parallele-des-jeunes","status":"publish","type":"post","link":"https:\/\/linitiative.ca\/International\/le-gouvernement-parallele-des-jeunes\/","title":{"rendered":"Le gouvernement parall\u00e8le des jeunes"},"content":{"rendered":"<p class=\"has-text-color has-vivid-red-color c2\"><strong>Une force de proposition de plus en plus \u00e9cout\u00e9e<\/strong><\/p>\n<p class=\"has-text-color has-vivid-cyan-blue-color\"><strong>Vieille de 7 ans et unique en son genre en Afrique, l\u2019exp\u00e9rience d\u2019un gouvernement parall\u00e8le des jeunes (GPJ) au Maroc est une initiative civile ind\u00e9pendante, qui n\u2019est inf\u00e9od\u00e9e \u00e0 aucun parti politique ou autre institution.<\/strong><\/p>\n<p><strong>Elle a \u00e9t\u00e9 lanc\u00e9e en application des dispositions de la Constitution de 2011 qui accorde un int\u00e9r\u00eat particulier aux jeunes et aux organisations de la soci\u00e9t\u00e9 civile, appel\u00e9es \u00e0 jouer pleinement leur r\u00f4le dans le cadre des diff\u00e9rents instruments de la d\u00e9mocratie participative, a rappel\u00e9 le chef de ce gouvernement parall\u00e8le (3\u00e8me \u00e9dition), Ismail Hamraoui, au cours de la s\u00e9ance d\u2019ouverture, dimanche \u00e0 Rabat, d\u2019une rencontre de \u00abl\u2019Instance nationale des conseillers\u00bb de ce GPJ, venus de toutes les r\u00e9gions du pays pour d\u00e9battre de diff\u00e9rentes th\u00e9matiques d\u2019int\u00e9r\u00eat national.<\/strong><\/p>\n<p><strong>Et ce en pr\u00e9sence de plusieurs membres de ce gouvernement, qui s\u2019est fix\u00e9 comme missions l\u2019\u00e9valuation des politiques publiques \u00e0 travers des \u00e9tudes et des rapports, le suivi de ces politiques publiques et l\u2019\u00e9laboration et la pr\u00e9sentation d\u2019alternatives.<\/strong><\/p>\n<p><strong>Il y a quatre mois, le GPJ avait pr\u00e9sent\u00e9 au chef du gouvernement, Sa\u00e2d Dine Othmani un m\u00e9morandum de 20 propositions traitant des principaux domaines d\u2019int\u00e9r\u00eat g\u00e9n\u00e9ral (d\u00e9mocratie, d\u00e9veloppement, droits de l\u2019homme, am\u00e9nagement du territoire, libert\u00e9s publiques), a-t-il rappel\u00e9.<\/strong><\/p>\n<p><strong>A travers ses diff\u00e9rentes activit\u00e9s, le GPJ tend aujourd\u2019hui \u00e0 se confirmer au plan national en tant que force de proposition cr\u00e9dible et \u00e9cout\u00e9e dont le plaidoyer est motiv\u00e9 avant tout par le souci d\u2019\u00e9quilibrer et de concilier entre droits et devoirs et de mieux responsabiliser les jeunes \u00e0 l\u2019\u00e9gard de leur pays et de la soci\u00e9t\u00e9.<\/strong><\/p>\n<p><strong>Il s\u2019agit aussi de rechercher le moyen de mobiliser le plus grand nombre possible de jeunes autour des questions d\u2019int\u00e9r\u00eat national, ont expliqu\u00e9 d\u2019autres membres du gouvernement parall\u00e8le des jeunes, qui n\u2019ont pas manqu\u00e9 d\u2019insister sur la n\u00e9cessit\u00e9 pour les jeunes de sortir de leur mutisme pour mieux servir les causes des jeunes et du pays.<\/strong><\/p>\n<p><strong>Des dizaines de jeunes, pr\u00e9sents au cours de cette rencontre ont \u00e9t\u00e9 ensuite r\u00e9partis en cinq panels s\u00e9lectifs. Ils devraient se pencher sur les th\u00e8mes retenus : \u00ables secteurs sociaux\u00bb, \u00ables finances et le d\u00e9veloppement \u00e9conomique\u00bb, \u00abla justice, la l\u00e9gislation et les droits de l\u2019homme\u00bb, \u00abl\u2019int\u00e9rieur, les collectivit\u00e9s territoriales, l\u2019habitat et la politique de la ville\u00bb et les \u00abaffaires \u00e9trang\u00e8res, la d\u00e9fense nationale, les affaires islamiques et les Marocains r\u00e9sidents \u00e0 l\u2019\u00e9tranger\u00bb.<\/strong><\/p>\n<p class=\"c3\"><strong>M\u2019Barek Tafsi<\/strong><\/p>\n<p>Auteur: M&rsquo;hammed rahal<br \/>\n<a href=\"http:\/\/albayane.press.ma\/le-gouvernement-parallele-des-jeunes.html\">Cliquez ici pour lire l&rsquo;article depuis sa source.<\/a><\/p>\n","protected":false},"excerpt":{"rendered":"<p>Une force de proposition de plus en plus \u00e9cout\u00e9e Vieille de 7 ans et unique en son genre en Afrique, l\u2019exp\u00e9rience d\u2019un gouvernement parall\u00e8le des jeunes (GPJ) au Maroc est une initiative civile ind\u00e9pendante, qui n\u2019est inf\u00e9od\u00e9e \u00e0 aucun parti politique ou autre institution. Elle a \u00e9t\u00e9 lanc\u00e9e en application des dispositions de la Constitution [&hellip;]<\/p>\n","protected":false},"author":1760,"featured_media":0,"comment_status":"closed","ping_status":"closed","sticky":false,"template":"","format":"standard","meta":{"fifu_image_url":"","fifu_image_alt":"","footnotes":""},"categories":[73,54],"tags":[],"class_list":["post-68581","post","type-post","status-publish","format-standard","hentry","category-actualite","category-maroc"],"_links":{"self":[{"href":"https:\/\/linitiative.ca\/International\/wp-json\/wp\/v2\/posts\/68581","targetHints":{"allow":["GET"]}}],"collection":[{"href":"https:\/\/linitiative.ca\/International\/wp-json\/wp\/v2\/posts"}],"about":[{"href":"https:\/\/linitiative.ca\/International\/wp-json\/wp\/v2\/types\/post"}],"author":[{"embeddable":true,"href":"https:\/\/linitiative.ca\/International\/wp-json\/wp\/v2\/users\/1760"}],"replies":[{"embeddable":true,"href":"https:\/\/linitiative.ca\/International\/wp-json\/wp\/v2\/comments?post=68581"}],"version-history":[{"count":0,"href":"https:\/\/linitiative.ca\/International\/wp-json\/wp\/v2\/posts\/68581\/revisions"}],"wp:attachment":[{"href":"https:\/\/linitiative.ca\/International\/wp-json\/wp\/v2\/media?parent=68581"}],"wp:term":[{"taxonomy":"category","embeddable":true,"href":"https:\/\/linitiative.ca\/International\/wp-json\/wp\/v2\/categories?post=68581"},{"taxonomy":"post_tag","embeddable":true,"href":"https:\/\/linitiative.ca\/International\/wp-json\/wp\/v2\/tags?post=68581"}],"curies":[{"name":"wp","href":"https:\/\/api.w.org\/{rel}","templated":true}]}}