{"id":68582,"date":"2019-11-26T06:33:04","date_gmt":"2019-11-26T11:33:04","guid":{"rendered":"https:\/\/linitiative.ca\/International\/bourita-represente-sm-le-roi-a-lafrica-investment-forum-2019\/"},"modified":"2019-11-26T06:33:04","modified_gmt":"2019-11-26T11:33:04","slug":"bourita-represente-sm-le-roi-a-lafrica-investment-forum-2019","status":"publish","type":"post","link":"https:\/\/linitiative.ca\/International\/bourita-represente-sm-le-roi-a-lafrica-investment-forum-2019\/","title":{"rendered":"Bourita repr\u00e9sente SM le Roi \u00e0 l\u2019Africa Investment Forum 2019"},"content":{"rendered":"<p class=\"has-text-color has-vivid-cyan-blue-color\"><strong>Le ministre des Affaires \u00e9trang\u00e8res, de la Coop\u00e9ration africaine et des Marocains r\u00e9sidant \u00e0 l\u2019\u00e9tranger, M. Nasser Bourita a repr\u00e9sent\u00e9 SM le Roi Mohammed VI \u00e0 la 4\u00e8 \u00e9dition de l\u2019Africa Investment Forum (Forum de l\u2019investissement en Afrique) qui se tient dans la nouvelle capitale administrative de l\u2019Egypte (Nord-est du Caire).<\/strong><\/p>\n<p>Le Forum qui connait la participation de ministres, de responsables gouvernementaux, d\u2019experts et acteurs \u00e9conomiques, d\u2019investisseurs et repr\u00e9sentants de la soci\u00e9t\u00e9 civile de nombre de pays africains et du monde, examine les moyens d\u2019instaurer une coop\u00e9ration intra-africaine entre les gouvernements et les secteurs public et priv\u00e9 dans plusieurs domaines vitaux dans le continent.<\/p>\n<p>Organis\u00e9 par le minist\u00e8re \u00e9gyptien de l\u2019Investissement sous le th\u00e8me \u00abl\u2019investissement en Afrique\u00bb, ce forum de deux jours vise \u00e0 asseoir un dialogue r\u00e9gional et international sur le d\u00e9veloppement des investissements dans des secteurs strat\u00e9giques et dans les infrastructures en Afrique et \u00e0 impulser une nouvelle dynamique au commerce intra-africain, ainsi qu\u2019\u00e0 consolider la compl\u00e9mentarit\u00e9 r\u00e9gionale entre les secteurs priv\u00e9 et public et les gouvernements, le but \u00e9tant de faire \u00e9merger une \u00e9conomie africaine moderne bas\u00e9e sur l\u2019innovation.<\/p>\n<p>Intervenant \u00e0 l\u2019ouverture de ce forum, le pr\u00e9sident \u00e9gyptien Abdel Fattah Al-Sissi a soulign\u00e9 que la responsabilit\u00e9 du d\u00e9veloppement en Afrique n\u2019incombe pas seulement aux gouvernements mais elle n\u00e9cessite la mutualisation des efforts et le partenariat avec le secteur priv\u00e9 pour promouvoir les investissements et tirer profit des \u00e9normes ressources dont regorge le continent.\u00a0 Les efforts des pays doivent \u00eatre orient\u00e9s vers l\u2019augmentation du volume du commerce intra-africain et la mise en oeuvre de la zone de libre-\u00e9change continentale africaine (ZLECA), a-t-il ajout\u00e9.<\/p>\n<p class=\"has-text-color has-vivid-red-color c2\"><strong>Message \u00e9crit de SM le Roi au pr\u00e9sident \u00e9gyptien<\/strong><\/p>\n<p class=\"has-text-color has-background has-very-dark-gray-color has-very-light-gray-background-color\"><strong>Le pr\u00e9sident \u00e9gyptien Abdel Fattah al-Sissi a re\u00e7u, vendredi au Caire, le ministre des Affaires \u00e9trang\u00e8res, de la Coop\u00e9ration africaine et des Marocains r\u00e9sidant \u00e0 l\u2019\u00e9tranger, M. Nasser Bourita.<\/strong><\/p>\n<p class=\"has-text-color has-background has-very-dark-gray-color has-very-light-gray-background-color\"><strong>Lors de cette audience qui s\u2019est d\u00e9roul\u00e9e en pr\u00e9sence de l\u2019ambassadeur du Maroc au Caire et repr\u00e9sentant permanent du Royaume pr\u00e8s la Ligue des Etats arabes, M. Ahmed Tazi, M. Bourita a remis au chef de l\u2019Etat \u00e9gyptien un message \u00e9crit de son fr\u00e8re SM le Roi Mohammed VI, que Dieu L\u2019assiste, portant sur le renforcement de la coop\u00e9ration entre les deux pays et exprimant la volont\u00e9 de donner un nouvel \u00e9lan au partenariat entre le Maroc et l\u2019Egypte, dans ses volets humains, politiques et de d\u00e9veloppement.<\/strong><\/p>\n<p>Auteur: M&rsquo;hammed rahal<br \/>\n<a href=\"http:\/\/albayane.press.ma\/bourita-represente-sm-le-roi-a-lafrica-investment-forum-2019.html\">Cliquez ici pour lire l&rsquo;article depuis sa source.<\/a><\/p>\n","protected":false},"excerpt":{"rendered":"<p>Le ministre des Affaires \u00e9trang\u00e8res, de la Coop\u00e9ration africaine et des Marocains r\u00e9sidant \u00e0 l\u2019\u00e9tranger, M. Nasser Bourita a repr\u00e9sent\u00e9 SM le Roi Mohammed VI \u00e0 la 4\u00e8 \u00e9dition de l\u2019Africa Investment Forum (Forum de l\u2019investissement en Afrique) qui se tient dans la nouvelle capitale administrative de l\u2019Egypte (Nord-est du Caire). Le Forum qui connait [&hellip;]<\/p>\n","protected":false},"author":1760,"featured_media":0,"comment_status":"closed","ping_status":"closed","sticky":false,"template":"","format":"standard","meta":{"fifu_image_url":"","fifu_image_alt":"","footnotes":""},"categories":[73,54],"tags":[],"class_list":["post-68582","post","type-post","status-publish","format-standard","hentry","category-actualite","category-maroc"],"_links":{"self":[{"href":"https:\/\/linitiative.ca\/International\/wp-json\/wp\/v2\/posts\/68582","targetHints":{"allow":["GET"]}}],"collection":[{"href":"https:\/\/linitiative.ca\/International\/wp-json\/wp\/v2\/posts"}],"about":[{"href":"https:\/\/linitiative.ca\/International\/wp-json\/wp\/v2\/types\/post"}],"author":[{"embeddable":true,"href":"https:\/\/linitiative.ca\/International\/wp-json\/wp\/v2\/users\/1760"}],"replies":[{"embeddable":true,"href":"https:\/\/linitiative.ca\/International\/wp-json\/wp\/v2\/comments?post=68582"}],"version-history":[{"count":0,"href":"https:\/\/linitiative.ca\/International\/wp-json\/wp\/v2\/posts\/68582\/revisions"}],"wp:attachment":[{"href":"https:\/\/linitiative.ca\/International\/wp-json\/wp\/v2\/media?parent=68582"}],"wp:term":[{"taxonomy":"category","embeddable":true,"href":"https:\/\/linitiative.ca\/International\/wp-json\/wp\/v2\/categories?post=68582"},{"taxonomy":"post_tag","embeddable":true,"href":"https:\/\/linitiative.ca\/International\/wp-json\/wp\/v2\/tags?post=68582"}],"curies":[{"name":"wp","href":"https:\/\/api.w.org\/{rel}","templated":true}]}}