{"id":68583,"date":"2019-11-26T13:04:51","date_gmt":"2019-11-26T18:04:51","guid":{"rendered":"https:\/\/linitiative.ca\/International\/trois-films-algeriens-en-competition-au-festival-dal-qods\/"},"modified":"2019-11-26T13:04:51","modified_gmt":"2019-11-26T18:04:51","slug":"trois-films-algeriens-en-competition-au-festival-dal-qods","status":"publish","type":"post","link":"https:\/\/linitiative.ca\/International\/trois-films-algeriens-en-competition-au-festival-dal-qods\/","title":{"rendered":"Trois films alg\u00e9riens en comp\u00e9tition au festival d&rsquo;Al Qods"},"content":{"rendered":"<div readability=\"39\">\n<p><strong>ALGER- Les films \u00ab\u00a0Les sept remparts de la citadelle\u00a0\u00bb de Ahmed Rachedi, \u00ab\u00a0Irfane\u00a0\u00bb de Salim Hamdi, ainsi que le court m\u00e9trage documentaire \u00ab\u00a0Mounia\u00a0\u00bb de Abir Akakza ont \u00e9t\u00e9 s\u00e9lectionn\u00e9s en comp\u00e9tition du\u00a04e Festival international du cin\u00e9ma d&rsquo;Al Qods, pr\u00e9vu du 28 novembre au 5 d\u00e9cembre dans la ville de Ghaza, annoncent les organisateurs.<\/strong><\/p>\n<\/div>\n<div readability=\"65.5\">\n<p>D&rsquo;une dur\u00e9e de 180 mn, le long m\u00e9trage \u00ab\u00a0Les sept remparts de la citadelle\u00a0\u00bb est une adaptation du roman \u00e9ponyme \u00e9crit par Mohamed Maarfia.<\/p>\n<p>Ce films confronte deux perceptions de l&rsquo;attachement \u00e0 la terre celui de Thebti, camp\u00e9 par Hassan Kachach, fils d&rsquo;un paysan alg\u00e9rien expropri\u00e9 de ses terres, et de Lucien, incarn\u00e9 par l&rsquo;acteur fran\u00e7ais Jean Christophe Rauzy, lui aussi attach\u00e9 \u00e0 ces terres enlev\u00e9es au propri\u00e9taire originel.<\/p>\n<blockquote readability=\"15\">\n<p><strong>Premier long m\u00e9trage de Salim Hamdi, \u00ab\u00a0Irfane\u00a0\u00bb(reconnaissance), 110mn, se pr\u00e9sente sur deux niveaux de narration: le r\u00e9cit d&rsquo;une moujahida, Yamina, camp\u00e9e par Chafia Boudr\u00e2a et celui de son petit-fils, de sa fianc\u00e9e et leurs amis, des jeunes p\u00e9tris de talent et vivant sans grandes perspectives d&rsquo;avenir.<\/strong><\/p>\n<\/blockquote>\n<p>Dans sa cat\u00e9gorie, le film est en comp\u00e9tition avec \u00ab\u00a0Fatwa\u00a0\u00bb du Tunisien Mahmoud Ben Mahmoud, \u00ab\u00a0Kilikis\u00a0\u00bb du Marocain Iz El Arab El Aloui, \u00ab\u00a0Toren\u00a0\u00bb de l&rsquo;Irakien Nawzad Sheikhani ou encore \u00ab\u00a0Ambiance de la Palestiniennes Wissam Aljafari.<\/p>\n<blockquote readability=\"8\">\n<p><strong>Le court m\u00e9trage documentaire \u00ab\u00a0Mounia\u00a0\u00bb, est \u00e9galement en comp\u00e9tition, alors que le film \u00ab\u00a0Curse within shadows\u00a0\u00bb de Imad Ghedjati sera projet\u00e9 dans la cat\u00e9gorie des films amateurs.<\/strong><\/p>\n<\/blockquote>\n<p>Cr\u00e9\u00e9 par le minist\u00e8re palestinien de la Culture en partenariat avec des associations culturelles palestiniennes et de pays arabes, le Festival international du cin\u00e9ma d&rsquo;Al Qods se d\u00e9roule simultan\u00e9ment \u00e0 Beyrouth, Benghazi (Lybie) et \u00e0 Khartoum.<\/p>\n<\/div>\n<p>Auteur:<br \/>\n<a href=\"http:\/\/www.aps.dz\/culture\/98036-trois-films-algeriens-en-competition-au-festival-d-al-qods\">Cliquez ici pour lire l&rsquo;article depuis sa source.<\/a><\/p>\n","protected":false},"excerpt":{"rendered":"<p>ALGER- Les films \u00ab\u00a0Les sept remparts de la citadelle\u00a0\u00bb de Ahmed Rachedi, \u00ab\u00a0Irfane\u00a0\u00bb de Salim Hamdi, ainsi que le court m\u00e9trage documentaire \u00ab\u00a0Mounia\u00a0\u00bb de Abir Akakza ont \u00e9t\u00e9 s\u00e9lectionn\u00e9s en comp\u00e9tition du\u00a04e Festival international du cin\u00e9ma d&rsquo;Al Qods, pr\u00e9vu du 28 novembre au 5 d\u00e9cembre dans la ville de Ghaza, annoncent les organisateurs. D&rsquo;une dur\u00e9e [&hellip;]<\/p>\n","protected":false},"author":1790,"featured_media":0,"comment_status":"closed","ping_status":"closed","sticky":false,"template":"","format":"standard","meta":{"fifu_image_url":"","fifu_image_alt":"","footnotes":""},"categories":[53,79],"tags":[],"class_list":["post-68583","post","type-post","status-publish","format-standard","hentry","category-algerie","category-culture"],"_links":{"self":[{"href":"https:\/\/linitiative.ca\/International\/wp-json\/wp\/v2\/posts\/68583","targetHints":{"allow":["GET"]}}],"collection":[{"href":"https:\/\/linitiative.ca\/International\/wp-json\/wp\/v2\/posts"}],"about":[{"href":"https:\/\/linitiative.ca\/International\/wp-json\/wp\/v2\/types\/post"}],"author":[{"embeddable":true,"href":"https:\/\/linitiative.ca\/International\/wp-json\/wp\/v2\/users\/1790"}],"replies":[{"embeddable":true,"href":"https:\/\/linitiative.ca\/International\/wp-json\/wp\/v2\/comments?post=68583"}],"version-history":[{"count":0,"href":"https:\/\/linitiative.ca\/International\/wp-json\/wp\/v2\/posts\/68583\/revisions"}],"wp:attachment":[{"href":"https:\/\/linitiative.ca\/International\/wp-json\/wp\/v2\/media?parent=68583"}],"wp:term":[{"taxonomy":"category","embeddable":true,"href":"https:\/\/linitiative.ca\/International\/wp-json\/wp\/v2\/categories?post=68583"},{"taxonomy":"post_tag","embeddable":true,"href":"https:\/\/linitiative.ca\/International\/wp-json\/wp\/v2\/tags?post=68583"}],"curies":[{"name":"wp","href":"https:\/\/api.w.org\/{rel}","templated":true}]}}