{"id":68586,"date":"2019-11-26T06:38:00","date_gmt":"2019-11-26T11:38:00","guid":{"rendered":"https:\/\/linitiative.ca\/International\/des-peines-par-contumace-pour-dabouz-aouf-et-cinq-autres-accuses\/"},"modified":"2019-11-26T06:38:00","modified_gmt":"2019-11-26T11:38:00","slug":"des-peines-par-contumace-pour-dabouz-aouf-et-cinq-autres-accuses","status":"publish","type":"post","link":"https:\/\/linitiative.ca\/International\/des-peines-par-contumace-pour-dabouz-aouf-et-cinq-autres-accuses\/","title":{"rendered":"Des peines par contumace pour Dabouz, Aouf et cinq autres accus\u00e9s"},"content":{"rendered":"<div id=\"originalText\" readability=\"51\">\n<p class=\"c6\">Le tribunal de Gharda\u00efa a condamn\u00e9, ce mardi, \u00e0 18 mois de prison par contumace l\u2019avocat et militant des droits de l\u2019homme, Salah Dabouz, le syndicaliste Hadj-Brahim Aouf, ainsi que cinq autres accus\u00e9s dans l\u2019affaire qui a conduit \u00e0 l\u2019emprisonnement puis le d\u00e9c\u00e8s de l\u2019embl\u00e9matique figure mozabite, Kamel-Eddine Fekhar.<\/p>\n<p class=\"c6\">Le seul accus\u00e9 pr\u00e9sent au tribunal, Hamou Mesbah, membre de la direction du Front des forces socialistes (FFS), a \u00e9t\u00e9 condamn\u00e9 \u00e0 un an de prison avec sursis.<\/p>\n<p class=\"c6\">Il est \u00e0 signaler que les sept accus\u00e9s condamn\u00e9s \u00e0 18 mois de prison par contumace se trouvent \u00e0 l\u2019\u00e9tranger, notamment en Europe o\u00f9 certains d\u2019entre eux ont demand\u00e9 asile politique.<\/p>\n<p class=\"c7\"><strong>R\u00e9daction Web\u00a0 \u00a0<\/strong><\/p>\n<\/div>\n<div id=\"text_core\" readability=\"51\">\n<p class=\"c6\">Le tribunal de Gharda\u00efa a condamn\u00e9, ce mardi, \u00e0 18 mois de prison par contumace l\u2019avocat et militant des droits de l\u2019homme, Salah Dabouz, le syndicaliste Hadj-Brahim Aouf, ainsi que cinq autres accus\u00e9s dans l\u2019affaire qui a conduit \u00e0 l\u2019emprisonnement puis le d\u00e9c\u00e8s de l\u2019embl\u00e9matique figure mozabite, Kamel-Eddine Fekhar.<\/p>\n<p class=\"c6\">Le seul accus\u00e9 pr\u00e9sent au tribunal, Hamou Mesbah, membre de la direction du Front des forces socialistes (FFS), a \u00e9t\u00e9 condamn\u00e9 \u00e0 un an de prison avec sursis.<\/p>\n<p class=\"c6\">Il est \u00e0 signaler que les sept accus\u00e9s condamn\u00e9s \u00e0 18 mois de prison par contumace se trouvent \u00e0 l\u2019\u00e9tranger, notamment en Europe o\u00f9 certains d\u2019entre eux ont demand\u00e9 asile politique.<\/p>\n<p class=\"c7\"><strong>R\u00e9daction Web\u00a0 \u00a0<\/strong><\/p>\n<\/div>\n<p>Auteur:<br \/>\n<a href=\"https:\/\/www.liberte-algerie.com\/actualite\/des-peines-par-contumace-pour-dabouz-aouf-et-cinq-autres-accuses-328894\">Cliquez ici pour lire l&rsquo;article depuis sa source.<\/a><\/p>\n","protected":false},"excerpt":{"rendered":"<p>Le tribunal de Gharda\u00efa a condamn\u00e9, ce mardi, \u00e0 18 mois de prison par contumace l\u2019avocat et militant des droits de l\u2019homme, Salah Dabouz, le syndicaliste Hadj-Brahim Aouf, ainsi que cinq autres accus\u00e9s dans l\u2019affaire qui a conduit \u00e0 l\u2019emprisonnement puis le d\u00e9c\u00e8s de l\u2019embl\u00e9matique figure mozabite, Kamel-Eddine Fekhar. Le seul accus\u00e9 pr\u00e9sent au tribunal, [&hellip;]<\/p>\n","protected":false},"author":1742,"featured_media":0,"comment_status":"closed","ping_status":"closed","sticky":false,"template":"","format":"standard","meta":{"fifu_image_url":"","fifu_image_alt":"","footnotes":""},"categories":[73,53],"tags":[],"class_list":["post-68586","post","type-post","status-publish","format-standard","hentry","category-actualite","category-algerie"],"_links":{"self":[{"href":"https:\/\/linitiative.ca\/International\/wp-json\/wp\/v2\/posts\/68586","targetHints":{"allow":["GET"]}}],"collection":[{"href":"https:\/\/linitiative.ca\/International\/wp-json\/wp\/v2\/posts"}],"about":[{"href":"https:\/\/linitiative.ca\/International\/wp-json\/wp\/v2\/types\/post"}],"author":[{"embeddable":true,"href":"https:\/\/linitiative.ca\/International\/wp-json\/wp\/v2\/users\/1742"}],"replies":[{"embeddable":true,"href":"https:\/\/linitiative.ca\/International\/wp-json\/wp\/v2\/comments?post=68586"}],"version-history":[{"count":0,"href":"https:\/\/linitiative.ca\/International\/wp-json\/wp\/v2\/posts\/68586\/revisions"}],"wp:attachment":[{"href":"https:\/\/linitiative.ca\/International\/wp-json\/wp\/v2\/media?parent=68586"}],"wp:term":[{"taxonomy":"category","embeddable":true,"href":"https:\/\/linitiative.ca\/International\/wp-json\/wp\/v2\/categories?post=68586"},{"taxonomy":"post_tag","embeddable":true,"href":"https:\/\/linitiative.ca\/International\/wp-json\/wp\/v2\/tags?post=68586"}],"curies":[{"name":"wp","href":"https:\/\/api.w.org\/{rel}","templated":true}]}}