{"id":68588,"date":"2019-11-26T09:48:00","date_gmt":"2019-11-26T14:48:00","guid":{"rendered":"https:\/\/linitiative.ca\/International\/la-solution-cest-le-dialogue-democratique\/"},"modified":"2019-11-26T09:48:00","modified_gmt":"2019-11-26T14:48:00","slug":"la-solution-cest-le-dialogue-democratique","status":"publish","type":"post","link":"https:\/\/linitiative.ca\/International\/la-solution-cest-le-dialogue-democratique\/","title":{"rendered":"\u00abLa solution, c\u2019est le dialogue d\u00e9mocratique\u00bb"},"content":{"rendered":"<div id=\"originalText\" readability=\"64\">\n<p class=\"c6\">Le ministre fran\u00e7ais des affaires \u00e9trang\u00e8res, Jean Yves le Drian, s\u2019est exprim\u00e9 sur la situation en Alg\u00e9rie, dans l\u2019\u00e9dition de ce mardi du quotidien marseillais la Provence.\u00a0 Au journaliste qui lui rappelait que \u00abvous subissez r\u00e9guli\u00e8rement des critiques venant d\u2019Alg\u00e9rie sur \u00ab\u00a0l\u2019ing\u00e9rence de la France\u00a0\u00bb\u00bb, et de savoir si \u00abl\u2019abc\u00e8s historique peut-il \u00eatre crev\u00e9 ?\u00bb, Jean Yves le Drian a r\u00e9pondu que \u00able seul souhait de la France, c\u2019est que les Alg\u00e9riens trouvent ensemble les chemins d\u2019une transition d\u00e9mocratique\u00bb.<\/p>\n<p class=\"c6\">\u00abC\u2019est \u00e0 eux seuls qu\u2019il revient de d\u00e9cider de leur avenir. Pour notre part, nous continuerons de nous tenir aux c\u00f4t\u00e9s de l\u2019Alg\u00e9rie et des Alg\u00e9riens, dans le respect de la souverainet\u00e9 de ce grand pays. J\u2019ai eu plusieurs occasions de le dire \u00e0 mon homologue alg\u00e9rien\u00bb, a-t-il soulign\u00e9. \u00a0<\/p>\n<p class=\"c6\">Cependant, le ministre fran\u00e7ais des affaires \u00e9trang\u00e8res a estim\u00e9 que \u00abla solution, c\u2019est le dialogue d\u00e9mocratique, dans lequel chacun puisse exprimer sans crainte ses opinions. Et que les libert\u00e9s d\u2019expression, de religion, de la presse et de manifestation soient pleinement respect\u00e9es\u00bb.<\/p>\n<p class=\"c6\">Quant \u00abaux modalit\u00e9s de la transition\u00bb, Jean Yves le Drian pense qu\u2019\u00abil appartient aux Alg\u00e9riens qui font preuve d\u2019une maturit\u00e9 exemplaire, de les d\u00e9finir\u00bb.<\/p>\n<p class=\"c7\"><strong>R\u00e9daction Web<\/strong><\/p>\n<\/div>\n<div id=\"text_core\" readability=\"64\">\n<p class=\"c6\">Le ministre fran\u00e7ais des affaires \u00e9trang\u00e8res, Jean Yves le Drian, s\u2019est exprim\u00e9 sur la situation en Alg\u00e9rie, dans l\u2019\u00e9dition de ce mardi du quotidien marseillais la Provence.\u00a0 Au journaliste qui lui rappelait que \u00abvous subissez r\u00e9guli\u00e8rement des critiques venant d\u2019Alg\u00e9rie sur \u00ab\u00a0l\u2019ing\u00e9rence de la France\u00a0\u00bb\u00bb, et de savoir si \u00abl\u2019abc\u00e8s historique peut-il \u00eatre crev\u00e9 ?\u00bb, Jean Yves le Drian a r\u00e9pondu que \u00able seul souhait de la France, c\u2019est que les Alg\u00e9riens trouvent ensemble les chemins d\u2019une transition d\u00e9mocratique\u00bb.<\/p>\n<p class=\"c6\">\u00abC\u2019est \u00e0 eux seuls qu\u2019il revient de d\u00e9cider de leur avenir. Pour notre part, nous continuerons de nous tenir aux c\u00f4t\u00e9s de l\u2019Alg\u00e9rie et des Alg\u00e9riens, dans le respect de la souverainet\u00e9 de ce grand pays. J\u2019ai eu plusieurs occasions de le dire \u00e0 mon homologue alg\u00e9rien\u00bb, a-t-il soulign\u00e9. \u00a0<\/p>\n<p class=\"c6\">Cependant, le ministre fran\u00e7ais des affaires \u00e9trang\u00e8res a estim\u00e9 que \u00abla solution, c\u2019est le dialogue d\u00e9mocratique, dans lequel chacun puisse exprimer sans crainte ses opinions. Et que les libert\u00e9s d\u2019expression, de religion, de la presse et de manifestation soient pleinement respect\u00e9es\u00bb.<\/p>\n<p class=\"c6\">Quant \u00abaux modalit\u00e9s de la transition\u00bb, Jean Yves le Drian pense qu\u2019\u00abil appartient aux Alg\u00e9riens qui font preuve d\u2019une maturit\u00e9 exemplaire, de les d\u00e9finir\u00bb.<\/p>\n<p class=\"c7\"><strong>R\u00e9daction Web<\/strong><\/p>\n<\/div>\n<p>Auteur:<br \/>\n<a href=\"https:\/\/www.liberte-algerie.com\/actualite\/la-solution-cest-le-dialogue-democratique-328896\">Cliquez ici pour lire l&rsquo;article depuis sa source.<\/a><\/p>\n","protected":false},"excerpt":{"rendered":"<p>Le ministre fran\u00e7ais des affaires \u00e9trang\u00e8res, Jean Yves le Drian, s\u2019est exprim\u00e9 sur la situation en Alg\u00e9rie, dans l\u2019\u00e9dition de ce mardi du quotidien marseillais la Provence.\u00a0 Au journaliste qui lui rappelait que \u00abvous subissez r\u00e9guli\u00e8rement des critiques venant d\u2019Alg\u00e9rie sur \u00ab\u00a0l\u2019ing\u00e9rence de la France\u00a0\u00bb\u00bb, et de savoir si \u00abl\u2019abc\u00e8s historique peut-il \u00eatre crev\u00e9 ?\u00bb, [&hellip;]<\/p>\n","protected":false},"author":1742,"featured_media":0,"comment_status":"closed","ping_status":"closed","sticky":false,"template":"","format":"standard","meta":{"fifu_image_url":"","fifu_image_alt":"","footnotes":""},"categories":[73,53],"tags":[],"class_list":["post-68588","post","type-post","status-publish","format-standard","hentry","category-actualite","category-algerie"],"_links":{"self":[{"href":"https:\/\/linitiative.ca\/International\/wp-json\/wp\/v2\/posts\/68588","targetHints":{"allow":["GET"]}}],"collection":[{"href":"https:\/\/linitiative.ca\/International\/wp-json\/wp\/v2\/posts"}],"about":[{"href":"https:\/\/linitiative.ca\/International\/wp-json\/wp\/v2\/types\/post"}],"author":[{"embeddable":true,"href":"https:\/\/linitiative.ca\/International\/wp-json\/wp\/v2\/users\/1742"}],"replies":[{"embeddable":true,"href":"https:\/\/linitiative.ca\/International\/wp-json\/wp\/v2\/comments?post=68588"}],"version-history":[{"count":0,"href":"https:\/\/linitiative.ca\/International\/wp-json\/wp\/v2\/posts\/68588\/revisions"}],"wp:attachment":[{"href":"https:\/\/linitiative.ca\/International\/wp-json\/wp\/v2\/media?parent=68588"}],"wp:term":[{"taxonomy":"category","embeddable":true,"href":"https:\/\/linitiative.ca\/International\/wp-json\/wp\/v2\/categories?post=68588"},{"taxonomy":"post_tag","embeddable":true,"href":"https:\/\/linitiative.ca\/International\/wp-json\/wp\/v2\/tags?post=68588"}],"curies":[{"name":"wp","href":"https:\/\/api.w.org\/{rel}","templated":true}]}}