{"id":68590,"date":"2019-11-25T14:27:40","date_gmt":"2019-11-25T19:27:40","guid":{"rendered":"https:\/\/linitiative.ca\/International\/la-province-a-pied-doeuvre-face-a-la-vague-de-froid\/"},"modified":"2019-11-25T14:27:40","modified_gmt":"2019-11-25T19:27:40","slug":"la-province-a-pied-doeuvre-face-a-la-vague-de-froid","status":"publish","type":"post","link":"https:\/\/linitiative.ca\/International\/la-province-a-pied-doeuvre-face-a-la-vague-de-froid\/","title":{"rendered":"La province \u00e0 pied d\u2019oeuvre face \u00e0 la vague de froid"},"content":{"rendered":"<div readability=\"36\">\n<p>Al Haouz \u2013 Le Comit\u00e9 provincial de veille d\u2019Al Haouz a tenu, lundi au si\u00e8ge de la pr\u00e9fecture de la province, une r\u00e9union consacr\u00e9e \u00e0 l\u2019examen des mesures proactives visant \u00e0 faire face aux effets de la vague de froid et des chutes de neiges que conna\u00eet la province.<\/p>\n<\/div>\n<div readability=\"110\">\n<p>S\u2019exprimant lors de cette r\u00e9union, \u00e0 laquelle ont pris part l\u2019ensemble des intervenants et parties concern\u00e9s, notamment les services ext\u00e9rieurs, les autorit\u00e9s locales et les \u00e9lus, le gouverneur de la province d\u2019Al Haouz, Rachid Benchikhi, s\u2019est f\u00e9licit\u00e9 de l\u2019action accomplie et des efforts d\u00e9ploy\u00e9s par le Comit\u00e9 provincial et les comit\u00e9s locaux de veille lors de la pr\u00e9c\u00e9dente saison hivernale (2018-2019).<\/p>\n<p>Rappelant que cette rencontre intervient dans le sillage de la r\u00e9union tenue, le 31 octobre dernier, pour la pr\u00e9sentation du plan provincial de gestion et de lutte contre les effets de la vague de froid et des chutes de neiges au titre de la saison 2019-2020 et l\u2019examen des mesures proactives susceptibles d\u2019assurer le d\u00e9senclavement des populations dans les zones rurales et montagneuses, M. Benchikhi a insist\u00e9 sur la n\u00e9cessit\u00e9 de la coordination des interventions des diff\u00e9rents services et d\u00e9partements concern\u00e9s.<\/p>\n<p>Il a, dans la foul\u00e9e, relev\u00e9 que dans le cadre de la mise en \u0153uvre d\u2019un plan d\u2019action int\u00e9gr\u00e9 pour l\u2019\u00e9tablissement d\u2019un diagnostic de la situation actuelle, il a \u00e9t\u00e9 proc\u00e9d\u00e9 au recensement des douars concern\u00e9s, dont le nombre s\u2019\u00e9l\u00e8ve \u00e0 79, r\u00e9partis sur 16 communes et situ\u00e9s \u00e0 une altitude de 1.500 \u00e0 2.700m, de 296 femmes enceintes qui seront transf\u00e9r\u00e9es aux \u00ab\u00a0Dours Al Omouma\u00a0\u00bb pour assurer le suivi m\u00e9dical de leurs grossesses, et de 248 personnes souffrant de maladies chroniques afin d\u2019accompagner leur \u00e9tat de sant\u00e9, outre 6.323 familles, soit environ 39.394 personnes, dont des enfants et des personnes \u00e2g\u00e9es concern\u00e9s par la vague de froid.<\/p>\n<p>Et de pr\u00e9ciser que 17 t\u00e9l\u00e9phones cellulaires satellitaires ont \u00e9t\u00e9 fournis par le minist\u00e8re de l\u2019Int\u00e9rieur pour communiquer et coordonner avec les diff\u00e9rentes zones non couvertes par le r\u00e9seau du t\u00e9l\u00e9phone portable.<\/p>\n<p>Des mesures ont \u00e9t\u00e9 prises, en parall\u00e8le, pour garantir l\u2019efficacit\u00e9 et l\u2019efficience des interventions des autorit\u00e9s provinciales et locales ainsi que des services ext\u00e9rieurs, \u00e0 travers la mobilisation des mat\u00e9riels logistiques et des ressources humaines n\u00e9cessaires, a-t-il indiqu\u00e9, notant que le comit\u00e9 de veille a \u00e9galement mobilis\u00e9 137 engins d\u00e9di\u00e9s aux interventions urgentes pour l\u2019ouverture des routes et des pistes.<\/p>\n<p>Au niveau des \u00e9tablissements scolaires, 130 tonnes de bois de chauffage ont \u00e9t\u00e9 mis \u00e0 la disposition de 117 \u00e9coles \u00e0 l\u2019\u00e9chelle de la province, a-t-il poursuivi, relevant que des associations de la soci\u00e9t\u00e9 civile ont proc\u00e9d\u00e9 \u00e0 la distribution en octobre et en novembre, de denr\u00e9es alimentaires, de couvertures et de v\u00eatements au profit de pr\u00e8s de 1.160 personnes.<\/p>\n<p>Dans le domaine de la sant\u00e9, 74 ambulances sont mobilis\u00e9es afin d\u2019assurer des interventions efficaces et efficientes dans les diff\u00e9rentes communes, a fait savoir M. Benchikhi, ajoutant que la d\u00e9l\u00e9gation provinciale a mobilis\u00e9 les ressources humaines n\u00e9cessaires (m\u00e9dicales et param\u00e9dicales) et programm\u00e9 une s\u00e9rie de caravanes et campagnes m\u00e9dicales ciblant les populations des zones montagneuses.<\/p>\n<p>Il a appel\u00e9 l\u2019ensemble des parties et services concern\u00e9s (\u00e9lus, chefs de services ext\u00e9rieurs et s\u00e9curitaires, autorit\u00e9s locales et soci\u00e9t\u00e9 civile) \u00e0 intensifier et \u00e0 conjuguer leurs efforts et veiller \u00e0 la coordination continue, sous la supervision de l\u2019autorit\u00e9 provinciale, en vue de garantir la r\u00e9ussite de ce plan provincial.<\/p>\n<p>Cette r\u00e9union a \u00e9t\u00e9 l\u2019occasion pour les diff\u00e9rents services ext\u00e9rieurs concern\u00e9s de pr\u00e9senter des expos\u00e9s exhaustifs et d\u00e9taill\u00e9s sur les pr\u00e9paratifs et les mesures prises par leurs d\u00e9partements respectifs en vue d\u2019assurer la c\u00e9l\u00e9rit\u00e9 et l\u2019efficacit\u00e9 des op\u00e9rations d\u2019intervention dans le cadre dudit plan.<\/p>\n<\/div>\n<p>Auteur: Meriem IGASS<br \/>\n<a href=\"http:\/\/www.mapmarrakech.ma\/fr\/froid-2\/\">Cliquez ici pour lire l&rsquo;article depuis sa source.<\/a><\/p>\n","protected":false},"excerpt":{"rendered":"<p>Al Haouz \u2013 Le Comit\u00e9 provincial de veille d\u2019Al Haouz a tenu, lundi au si\u00e8ge de la pr\u00e9fecture de la province, une r\u00e9union consacr\u00e9e \u00e0 l\u2019examen des mesures proactives visant \u00e0 faire face aux effets de la vague de froid et des chutes de neiges que conna\u00eet la province. S\u2019exprimant lors de cette r\u00e9union, \u00e0 [&hellip;]<\/p>\n","protected":false},"author":1788,"featured_media":0,"comment_status":"closed","ping_status":"closed","sticky":false,"template":"","format":"standard","meta":{"fifu_image_url":"","fifu_image_alt":"","footnotes":""},"categories":[54,76],"tags":[],"class_list":["post-68590","post","type-post","status-publish","format-standard","hentry","category-maroc","category-regions"],"_links":{"self":[{"href":"https:\/\/linitiative.ca\/International\/wp-json\/wp\/v2\/posts\/68590","targetHints":{"allow":["GET"]}}],"collection":[{"href":"https:\/\/linitiative.ca\/International\/wp-json\/wp\/v2\/posts"}],"about":[{"href":"https:\/\/linitiative.ca\/International\/wp-json\/wp\/v2\/types\/post"}],"author":[{"embeddable":true,"href":"https:\/\/linitiative.ca\/International\/wp-json\/wp\/v2\/users\/1788"}],"replies":[{"embeddable":true,"href":"https:\/\/linitiative.ca\/International\/wp-json\/wp\/v2\/comments?post=68590"}],"version-history":[{"count":0,"href":"https:\/\/linitiative.ca\/International\/wp-json\/wp\/v2\/posts\/68590\/revisions"}],"wp:attachment":[{"href":"https:\/\/linitiative.ca\/International\/wp-json\/wp\/v2\/media?parent=68590"}],"wp:term":[{"taxonomy":"category","embeddable":true,"href":"https:\/\/linitiative.ca\/International\/wp-json\/wp\/v2\/categories?post=68590"},{"taxonomy":"post_tag","embeddable":true,"href":"https:\/\/linitiative.ca\/International\/wp-json\/wp\/v2\/tags?post=68590"}],"curies":[{"name":"wp","href":"https:\/\/api.w.org\/{rel}","templated":true}]}}