{"id":68591,"date":"2019-11-26T04:51:53","date_gmt":"2019-11-26T09:51:53","guid":{"rendered":"https:\/\/linitiative.ca\/International\/ouverture-du-festival-marrakech-pour-lechange-des-cultures\/"},"modified":"2019-11-26T04:51:53","modified_gmt":"2019-11-26T09:51:53","slug":"ouverture-du-festival-marrakech-pour-lechange-des-cultures","status":"publish","type":"post","link":"https:\/\/linitiative.ca\/International\/ouverture-du-festival-marrakech-pour-lechange-des-cultures\/","title":{"rendered":"Ouverture du Festival Marrakech pour l\u2019\u00e9change des cultures"},"content":{"rendered":"<div readability=\"37\">\n<p>Marrakech \u2013 Le coup d\u2019envoi a \u00e9t\u00e9 donn\u00e9 lundi soir, \u00e0 la 4\u00e8 \u00e9dition du Festival Marrakech pour l\u2019\u00e9change des cultures sous le th\u00e8me \u00ab\u00a0Le Maroc, un pays de tol\u00e9rance, de dialogue et de cohabitation entre les diff\u00e9rentes cultures et religions\u00a0\u00bb.<\/p>\n<\/div>\n<div readability=\"96\">\n<p>La c\u00e9r\u00e9monie d\u2019ouverture officielle de cette manifestation culturelle initi\u00e9e par l\u2019association Moulay Ali-Sharif pour la culture, le patrimoine et le d\u00e9veloppement en partenariat avec la communaut\u00e9 juive de Marrakech, a \u00e9t\u00e9 rehauss\u00e9e par la pr\u00e9sence de personnalit\u00e9s associatives, diplomatiques, religieuses et culturelles issues de plusieurs pays.<\/p>\n<p>Intervenant \u00e0 cette occasion, le pr\u00e9sident de l\u2019association Moulay Ali-Sharif pour la culture, le patrimoine et le d\u00e9veloppement, Mohamed Alaoui, a mis en relief le climat de tol\u00e9rance et du vivre-ensemble qui ont toujours caract\u00e9ris\u00e9 le Maroc \u00e0 travers son histoire, relevant que ce festival vise \u00e0 consacrer ces valeurs et \u00e0 rejeter la violence, la haine et l\u2019extr\u00e9misme.<\/p>\n<p>Dans le m\u00eame ordre id\u00e9es, le pr\u00e9sident de la communaut\u00e9 juive de Marrakech, Jacky Kadoch, a appel\u00e9 \u00e0 faire connaitre au monde le vrai patrimoine civilisationnel de tol\u00e9rance et de cohabitation entre toutes les religions monoth\u00e9istes au Royaume.<\/p>\n<p>\u00ab\u00a0Les Juifs marocains vivent en paix et en qui\u00e9tude dans cette terre de tol\u00e9rance, de dialogue et de cohabitation entre les diff\u00e9rentes cultures et religions\u00a0\u00bb, a-t-il assur\u00e9.<\/p>\n<p>Le pr\u00e9sident de l\u2019association sociale et culturelle de Fujairah, Khaled Al Dhanhani, a mis l\u2019accent sur les vis\u00e9es nobles de ce festival, qui s\u2019assigne pour objectifs de consacrer la culture de la tol\u00e9rance et du rejet de l\u2019extr\u00e9misme.<\/p>\n<p>M. Al Dhanhani a relev\u00e9 que les Emirats arabes unis repr\u00e9sentent un mod\u00e8le pionnier au monde de la cohabitation et de l\u2019ouverture puisqu\u2019il accueille pr\u00e8s de 200 nationalit\u00e9s qui vivent en parfaite harmonie et paix, a-t-il dit.<\/p>\n<p>Et de mettre en relief l\u2019excellence des relations unissant son pays et le Maroc et qui se raffermissent davantage dans tous les domaines, relevant que les deux pays partagent les m\u00eames valeurs celles de la paix, la cohabitation et le vivre-ensemble entre les peuples et le rejet de l\u2019extr\u00e9misme sous toutes ses formes.<\/p>\n<p>Cette soir\u00e9e a \u00e9t\u00e9 ponctu\u00e9e de lectures po\u00e9tiques donn\u00e9es par des po\u00e8tes \u00e9miratis ainsi que des spectacles artistiques.<\/p>\n<p>Au programme de cette \u00e9dition qui se poursuit jusqu\u2019au 27 novembre courant, figurent des visites au Mellah des juifs marocains, \u00e0 l\u2019\u00e9glise de Marrakech, \u00e0 des sites historiques de la ville de Marrakech, une comp\u00e9tition des courts-m\u00e9trages et des films documentaires, une comp\u00e9tition du caftan marocain et de beaut\u00e9 f\u00e9minine, une exposition d\u2019arts plastiques, des hommages rendus \u00e0 plusieurs personnalit\u00e9s\u00a0et des conf\u00e9rences avec la participation d\u2019experts sp\u00e9cialis\u00e9s dans le dialogue des civilisations.<\/p>\n<\/div>\n<p>Auteur: Meriem IGASS<br \/>\n<a href=\"http:\/\/www.mapmarrakech.ma\/fr\/festival-2\/\">Cliquez ici pour lire l&rsquo;article depuis sa source.<\/a><\/p>\n","protected":false},"excerpt":{"rendered":"<p>Marrakech \u2013 Le coup d\u2019envoi a \u00e9t\u00e9 donn\u00e9 lundi soir, \u00e0 la 4\u00e8 \u00e9dition du Festival Marrakech pour l\u2019\u00e9change des cultures sous le th\u00e8me \u00ab\u00a0Le Maroc, un pays de tol\u00e9rance, de dialogue et de cohabitation entre les diff\u00e9rentes cultures et religions\u00a0\u00bb. La c\u00e9r\u00e9monie d\u2019ouverture officielle de cette manifestation culturelle initi\u00e9e par l\u2019association Moulay Ali-Sharif pour [&hellip;]<\/p>\n","protected":false},"author":1788,"featured_media":0,"comment_status":"closed","ping_status":"closed","sticky":false,"template":"","format":"standard","meta":{"fifu_image_url":"","fifu_image_alt":"","footnotes":""},"categories":[54,76],"tags":[],"class_list":["post-68591","post","type-post","status-publish","format-standard","hentry","category-maroc","category-regions"],"_links":{"self":[{"href":"https:\/\/linitiative.ca\/International\/wp-json\/wp\/v2\/posts\/68591","targetHints":{"allow":["GET"]}}],"collection":[{"href":"https:\/\/linitiative.ca\/International\/wp-json\/wp\/v2\/posts"}],"about":[{"href":"https:\/\/linitiative.ca\/International\/wp-json\/wp\/v2\/types\/post"}],"author":[{"embeddable":true,"href":"https:\/\/linitiative.ca\/International\/wp-json\/wp\/v2\/users\/1788"}],"replies":[{"embeddable":true,"href":"https:\/\/linitiative.ca\/International\/wp-json\/wp\/v2\/comments?post=68591"}],"version-history":[{"count":0,"href":"https:\/\/linitiative.ca\/International\/wp-json\/wp\/v2\/posts\/68591\/revisions"}],"wp:attachment":[{"href":"https:\/\/linitiative.ca\/International\/wp-json\/wp\/v2\/media?parent=68591"}],"wp:term":[{"taxonomy":"category","embeddable":true,"href":"https:\/\/linitiative.ca\/International\/wp-json\/wp\/v2\/categories?post=68591"},{"taxonomy":"post_tag","embeddable":true,"href":"https:\/\/linitiative.ca\/International\/wp-json\/wp\/v2\/tags?post=68591"}],"curies":[{"name":"wp","href":"https:\/\/api.w.org\/{rel}","templated":true}]}}