{"id":68592,"date":"2019-11-26T05:07:58","date_gmt":"2019-11-26T10:07:58","guid":{"rendered":"https:\/\/linitiative.ca\/International\/vibrant-hommage-a-la-star-de-hollywood-mohamed-qissi\/"},"modified":"2019-11-26T05:07:58","modified_gmt":"2019-11-26T10:07:58","slug":"vibrant-hommage-a-la-star-de-hollywood-mohamed-qissi","status":"publish","type":"post","link":"https:\/\/linitiative.ca\/International\/vibrant-hommage-a-la-star-de-hollywood-mohamed-qissi\/","title":{"rendered":"Vibrant hommage \u00e0 la star de Hollywood, Mohamed Qissi"},"content":{"rendered":"<div readability=\"38\">\n<p>Marrakech \u2013 Un vibrant hommage a \u00e9t\u00e9 rendu lundi soir, \u00e0 la cit\u00e9 ocre, \u00e0 la star marocaine \u00e0 Hollywood, Mohamed Qissi, en marge de la 4\u00e8 \u00e9dition du Festival Marrakech pour l\u2019\u00e9change des cultures.<\/p>\n<\/div>\n<div readability=\"107\">\n<p>Cet acteur, r\u00e9alisateur, sc\u00e9nariste et cascadeur belgo-marocain, qui pr\u00f4ne la tol\u00e9rance et l\u2019ouverture sur les autres cultures, s\u2019est dit tr\u00e8s heureux de cet hommage au Maroc, son pays natal et la terre de la cohabitation et du vivre-ensemble.<\/p>\n<p>Concernant son dernier film \u00ab\u00a0Bara\u00a0\u00bb, dont il est le r\u00e9alisateur, il a indiqu\u00e9 que c\u2019est une \u0153uvre cin\u00e9matographique tir\u00e9e d\u2019une histoire vraie, relevant que ce film vise \u00e0 d\u00e9montrer la vraie image de l\u2019islam : celle d\u2019une religion de la paix, du respect et de l\u2019amour.<\/p>\n<p>\u00ab\u00a0Dans cette \u0153uvre cin\u00e9matographique, nous avons introduit des sc\u00e8nes d\u2019arts martiaux notamment le kata (pr\u00e8s de 24 katas) afin d\u2019encourager les jeunes \u00e0 pratiquer tous les sports, dont les arts martiaux notamment le Kata, et les \u00e9loigner de la drogue et de l\u2019extr\u00e9misme\u00a0\u00bb, a-t-il ajout\u00e9.<\/p>\n<p>N\u00e9 \u00e0 Oujda en 1962, Mohamed Qissi immigre en France puis en Belgique o\u00f9 il commence la boxe \u00e0 l\u2019\u00e2ge de sept ans.<\/p>\n<p>En 1982, il rejoint les \u00c9tats-Unis pour y tenter une carri\u00e8re d\u2019acteur. Il obtient son premier r\u00f4le en 1984, dans Break Street 84 (Breakin\u2019s).<\/p>\n<p>Il encha\u00eene les r\u00f4les dans plusieurs films hollywoodiens \u00e0 grands succ\u00e8s (\u00ab\u00a0Bloodsport\u00a0\u00bb, \u00ab\u00a0Kickboxer\u00a0\u00bb, \u00ab\u00a0Full Contact\u00a0\u00bb entre autres).<\/p>\n<p>Il est devenu c\u00e9l\u00e8bre gr\u00e2ce notamment \u00e0 ses r\u00f4les dans des films d\u2019action o\u00f9 il donne la r\u00e9plique \u00e0 son ami Jean Claude Van Damme.<\/p>\n<p>Apr\u00e8s une longue carri\u00e8re \u00e0 Hollywood, Mohamed Qissi revient en Belgique, o\u00f9 il participe \u00e0 des projets sociaux destin\u00e9s \u00e0 la jeunesse d\u00e9favoris\u00e9e et en 2002, il retourne au Maroc, son pays natal. Il s\u2019engage dans des projets sportifs \u00e0 destination des jeunes, et travaille pour le cin\u00e9ma marocain.<\/p>\n<p>Initi\u00e9e par l\u2019association Moulay Ali-Sharif pour la culture, le patrimoine et le d\u00e9veloppement en partenariat avec la communaut\u00e9 juive de Marrakech, sous le th\u00e8me \u00ab\u00a0Le Maroc, un pays de tol\u00e9rance, de dialogue et de cohabitation entre les diff\u00e9rentes cultures et religions\u00a0\u00bb, la 4\u00e8 \u00e9dition du Festival Marrakech pour l\u2019\u00e9change des cultures est rehauss\u00e9e par la participation de personnalit\u00e9s associatives, diplomatiques, religieuses et culturelles issues de plusieurs pays.<\/p>\n<p>Au programme de cette \u00e9dition qui se poursuit jusqu\u2019au 27 novembre courant, figurent des visites au Mellah, \u00e0 l\u2019\u00e9glise de Marrakech, \u00e0 des sites historiques de la ville de Marrakech, une comp\u00e9tition des courts-m\u00e9trages et des films documentaires, une comp\u00e9tition du caftan marocain et de beaut\u00e9 f\u00e9minine, une exposition d\u2019arts plastiques, des hommages rendus \u00e0 plusieurs personnalit\u00e9s et des conf\u00e9rences avec la participation d\u2019experts sp\u00e9cialis\u00e9s dans le dialogue des civilisations.<\/p>\n<\/div>\n<p>Auteur: Meriem IGASS<br \/>\n<a href=\"http:\/\/www.mapmarrakech.ma\/fr\/vibrant-hommage-a-la-star-de-hollywood-mohamed-qissi\/\">Cliquez ici pour lire l&rsquo;article depuis sa source.<\/a><\/p>\n","protected":false},"excerpt":{"rendered":"<p>Marrakech \u2013 Un vibrant hommage a \u00e9t\u00e9 rendu lundi soir, \u00e0 la cit\u00e9 ocre, \u00e0 la star marocaine \u00e0 Hollywood, Mohamed Qissi, en marge de la 4\u00e8 \u00e9dition du Festival Marrakech pour l\u2019\u00e9change des cultures. Cet acteur, r\u00e9alisateur, sc\u00e9nariste et cascadeur belgo-marocain, qui pr\u00f4ne la tol\u00e9rance et l\u2019ouverture sur les autres cultures, s\u2019est dit tr\u00e8s [&hellip;]<\/p>\n","protected":false},"author":1788,"featured_media":0,"comment_status":"closed","ping_status":"closed","sticky":false,"template":"","format":"standard","meta":{"fifu_image_url":"","fifu_image_alt":"","footnotes":""},"categories":[54,76],"tags":[],"class_list":["post-68592","post","type-post","status-publish","format-standard","hentry","category-maroc","category-regions"],"_links":{"self":[{"href":"https:\/\/linitiative.ca\/International\/wp-json\/wp\/v2\/posts\/68592","targetHints":{"allow":["GET"]}}],"collection":[{"href":"https:\/\/linitiative.ca\/International\/wp-json\/wp\/v2\/posts"}],"about":[{"href":"https:\/\/linitiative.ca\/International\/wp-json\/wp\/v2\/types\/post"}],"author":[{"embeddable":true,"href":"https:\/\/linitiative.ca\/International\/wp-json\/wp\/v2\/users\/1788"}],"replies":[{"embeddable":true,"href":"https:\/\/linitiative.ca\/International\/wp-json\/wp\/v2\/comments?post=68592"}],"version-history":[{"count":0,"href":"https:\/\/linitiative.ca\/International\/wp-json\/wp\/v2\/posts\/68592\/revisions"}],"wp:attachment":[{"href":"https:\/\/linitiative.ca\/International\/wp-json\/wp\/v2\/media?parent=68592"}],"wp:term":[{"taxonomy":"category","embeddable":true,"href":"https:\/\/linitiative.ca\/International\/wp-json\/wp\/v2\/categories?post=68592"},{"taxonomy":"post_tag","embeddable":true,"href":"https:\/\/linitiative.ca\/International\/wp-json\/wp\/v2\/tags?post=68592"}],"curies":[{"name":"wp","href":"https:\/\/api.w.org\/{rel}","templated":true}]}}