{"id":68596,"date":"2019-11-26T12:23:17","date_gmt":"2019-11-26T17:23:17","guid":{"rendered":"https:\/\/linitiative.ca\/International\/ain-defla-exportation-en-2020-de-lhuile-de-figue-de-barbarie-vers-le-mali\/"},"modified":"2019-11-26T12:23:17","modified_gmt":"2019-11-26T17:23:17","slug":"ain-defla-exportation-en-2020-de-lhuile-de-figue-de-barbarie-vers-le-mali","status":"publish","type":"post","link":"https:\/\/linitiative.ca\/International\/ain-defla-exportation-en-2020-de-lhuile-de-figue-de-barbarie-vers-le-mali\/","title":{"rendered":"A\u00efn Defla: exportation en 2020 de l\u2019huile de figue de barbarie vers le Mali"},"content":{"rendered":"<div readability=\"35\">\n<p><strong>AIN DEFLA &#8211; Une op\u00e9ration d\u2019exportation d\u2019une quantit\u00e9 d\u2019huile de figue de barbarie produite \u00e0 A\u00efn Defla sera organis\u00e9e courant 2020 vers le Mali, a-t-on appris mardi du directeur de la chambre locale de l\u2019Artisanat et des m\u00e9tiers.<\/strong><\/p>\n<\/div>\n<div readability=\"105.19379845\">\n<p>\u00ab\u00a0Cette op\u00e9ration s\u2019inscrit dans le cadre des efforts visant \u00e0 promouvoir l\u2019exportation dont celle se rapportant aux produits du terroir\u00a0\u00bb, a pr\u00e9cis\u00e9 \u00e0 l\u2019APS, Djillali Choumani au lendemain de la Foire internationale de l\u2019artisanat organis\u00e9e \u00e0 Bamako (Mali) du 7 au 22 novembre courant et dont l\u2019encadrement de la participation alg\u00e9rienne a \u00e9t\u00e9 confi\u00e9 \u00e0 la chambre d\u2019artisanat d\u2019A\u00efn Defla.<\/p>\n<p>Notant que d\u2019huile de figue de barbarie est un produit relevant de l\u2019artisanat, il a fait savoir que la wilaya de A\u00efn Defla en a, lors de cette manifestation commerciale, expos\u00e9 une quantit\u00e9 importante \u00ab\u00a0laquelle a \u00e9t\u00e9 particuli\u00e8rement appr\u00e9ci\u00e9e par les visiteurs\u00a0\u00bb.<\/p>\n<p>\u00ab\u00a0Au cours de notre s\u00e9jour au Mali, nous avons pu nous rendre compte que la population de ce pays consomme \u00e9norm\u00e9ment de produits dits \u2018bio\u2019 et c\u2019est pour cette raison que nous avons d\u00e9cid\u00e9 de nous lancer dans cette op\u00e9ration d\u2019exportation vers ce pays\u00a0\u00bb, a-t-il expliqu\u00e9.<\/p>\n<p>Selon lui, l\u2019huile de figue de barbarie qui sera export\u00e9e vers le Mali est produite par un artisan sp\u00e9cialis\u00e9 dans l\u2019extraction des huiles essentielles activant \u00e0 Rouina (20 km \u00e0 l\u2019ouest d\u2019A\u00efn Defla), relevant qu\u2019\u00e0 la faveur de sa production de figues de barbarie d\u00e9passant les 50.000 qx par an, A\u00efn Defla se doit de tirer profit de cette richesse.<\/p>\n<hr\/>\n<h3>Lire aussi:\u00a0<a href=\"http:\/\/www.aps.dz\/economie\/88859-agriculture-developper-l-exploitation-de-la-figue-de-barbarie\" target=\"_blank\" rel=\"noopener noreferrer\">Agriculture: d\u00e9velopper l&rsquo;exploitation de la figue de barbarie<\/a><\/h3>\n<hr\/>\n<blockquote readability=\"11\">\n<p><em><strong>\u00ab\u00a0Concentr\u00e9 notamment au niveau du pi\u00e9mont \u00e0 A\u00efn Defla, la figue de barbarie ne n\u00e9cessite pas de grands investissements\u00a0\u00bb, a-t-il observ\u00e9, assurant que ce produit dont le prix de l\u2019extrait (huile) d\u00e9passe les 200.000 dinars le litre est consomm\u00e9 \u00e0 grande \u00e9chelle aux Etats Unis d\u2019Am\u00e9rique au regard de ses immenses bienfaits sur les plans esth\u00e9tiques et th\u00e9rapeutiques.<\/strong><\/em><\/p>\n<\/blockquote>\n<p>Revenant sur la participation alg\u00e9rienne \u00e0 la Foire internationale de l\u2019artisanat abrit\u00e9e par la capitale malienne en pr\u00e9sence de 800 exposants repr\u00e9sentant 18 pays de diff\u00e9rents continents, il s\u2019est f\u00e9licit\u00e9 de l\u2019engouement suscit\u00e9 par le pavillon alg\u00e9rien lequel a expos\u00e9 \u00e0 l\u2019occasion des produits de 8 (huit) chambres d\u2019artisanat et des m\u00e9tiers du pays.<\/p>\n<p>\u00ab\u00a0Le pavillon alg\u00e9rien a constitu\u00e9 le point de mire des visiteurs et m\u00eame des officiels maliens dont notamment l\u2019\u00e9pouse du Pr\u00e9sident malien, la ministre de l\u2019Artisanat et du Tourisme ainsi que le pr\u00e9sident du Conseil constitutionnel\u00a0\u00bb, s\u2019est-il r\u00e9joui.<\/p>\n<p>Cette manifestation commerciale a \u00e9t\u00e9 cl\u00f4tur\u00e9e par l\u2019organisation du prix national du pr\u00e9sident de la r\u00e9publique malienne qui a vu l\u2019Alg\u00e9rie remporter la seconde place en mati\u00e8re de meilleur pavillon.<\/p>\n<p>La ministre malienne a fait \u00e9tat, \u00e0 cette occasion, d\u2019un protocole d\u2019accord qui sera sign\u00e9e \u00ab\u00a0prochainement\u00a0\u00bb entre les deux pays dans le but de consolider la coop\u00e9ration et la formation dans le domaine de l\u2019artisanat \u00e0 l\u2019avenir, a-t-il soutenu.<\/p>\n<hr\/>\n<h3>Lire aussi:\u00a0<a href=\"http:\/\/www.aps.dz\/economie\/62364-toutes-les-conditions-sont-reunies-pour-faire-de-la-culture-de-la-figue-de-barbarie-une-filiere-agricole-a-part-entiere\" target=\"_blank\" rel=\"noopener noreferrer\">Toutes les conditions sont r\u00e9unies pour faire de la culture de la figue de Barbarie une fili\u00e8re agricole \u00e0 part enti\u00e8re<\/a><\/h3>\n<hr\/>\n<p>Selon M. Choumani, cette foire a constitu\u00e9 une opportunit\u00e9 pour conna\u00eetre les sp\u00e9cificit\u00e9s du march\u00e9 malien dans le domaine de l\u2019artisanat \u00ab\u00a0afin de pouvoir se fixer sur ses besoins et consolider les relations d\u2019\u00e9change avec les pays du Sahel pr\u00e9sents lors de cette manifestation commerciale.<\/p>\n<blockquote readability=\"9\">\n<p><em><strong>\u00ab\u00a0Le march\u00e9 malien \u00e0 l\u2019instar de celui des pays du Sahel est vierge et c\u2019est pour cette raison qu\u2019il y a lieu de le conqu\u00e9rir\u00a0\u00bb, a-t-il pr\u00e9conis\u00e9, observant que nombre de produits qui \u00ab\u00a0stagnent\u00a0\u00bb en Alg\u00e9rie sont \u00ab\u00a0ardemment\u00a0\u00bb recherch\u00e9s dans ces contr\u00e9es.<\/strong><\/em><\/p>\n<\/blockquote>\n<p>Se r\u00e9f\u00e9rant \u00e0 l\u2019ambassadeur d\u2019Alg\u00e9rie au Mali, il a, par ailleurs, fait \u00e9tat d\u2019une autre foire qui sera organis\u00e9e cette fois-ci \u00e0 Niamey (Niger du 29 novembre au 8 d\u00e9cembre 2019) d\u00e9di\u00e9e \u00e0 l\u2019artisanat pour femmes.<\/p>\n<p>\u00ab\u00a0Des formateurs alg\u00e9riens y prendront part en vue de former des cadres nig\u00e9riens dans le domaine de l\u2018artisanat ce qui permettra de faire profiter ce pays du savoir-faire alg\u00e9rien\u00a0\u00bb, a-t-il soutenu.<\/p>\n<p>Une autre manifestation consacr\u00e9e aux produits commerciaux nationaux sera organis\u00e9e par l\u2019Alg\u00e9rie \u00e0 Bamako durant le premier trimestre de l\u2019ann\u00e9e 2020, a encore fait savoir M. Choumani.<\/p>\n<\/div>\n<p>Auteur:<br \/>\n<a href=\"http:\/\/www.aps.dz\/regions\/98065-ain-defla-exportation-en-2020-de-l-huile-de-figue-de-barbarie-vers-le-mali\">Cliquez ici pour lire l&rsquo;article depuis sa source.<\/a><\/p>\n","protected":false},"excerpt":{"rendered":"<p>AIN DEFLA &#8211; Une op\u00e9ration d\u2019exportation d\u2019une quantit\u00e9 d\u2019huile de figue de barbarie produite \u00e0 A\u00efn Defla sera organis\u00e9e courant 2020 vers le Mali, a-t-on appris mardi du directeur de la chambre locale de l\u2019Artisanat et des m\u00e9tiers. \u00ab\u00a0Cette op\u00e9ration s\u2019inscrit dans le cadre des efforts visant \u00e0 promouvoir l\u2019exportation dont celle se rapportant aux [&hellip;]<\/p>\n","protected":false},"author":1790,"featured_media":0,"comment_status":"closed","ping_status":"closed","sticky":false,"template":"","format":"standard","meta":{"fifu_image_url":"","fifu_image_alt":"","footnotes":""},"categories":[53,76],"tags":[],"class_list":["post-68596","post","type-post","status-publish","format-standard","hentry","category-algerie","category-regions"],"_links":{"self":[{"href":"https:\/\/linitiative.ca\/International\/wp-json\/wp\/v2\/posts\/68596","targetHints":{"allow":["GET"]}}],"collection":[{"href":"https:\/\/linitiative.ca\/International\/wp-json\/wp\/v2\/posts"}],"about":[{"href":"https:\/\/linitiative.ca\/International\/wp-json\/wp\/v2\/types\/post"}],"author":[{"embeddable":true,"href":"https:\/\/linitiative.ca\/International\/wp-json\/wp\/v2\/users\/1790"}],"replies":[{"embeddable":true,"href":"https:\/\/linitiative.ca\/International\/wp-json\/wp\/v2\/comments?post=68596"}],"version-history":[{"count":0,"href":"https:\/\/linitiative.ca\/International\/wp-json\/wp\/v2\/posts\/68596\/revisions"}],"wp:attachment":[{"href":"https:\/\/linitiative.ca\/International\/wp-json\/wp\/v2\/media?parent=68596"}],"wp:term":[{"taxonomy":"category","embeddable":true,"href":"https:\/\/linitiative.ca\/International\/wp-json\/wp\/v2\/categories?post=68596"},{"taxonomy":"post_tag","embeddable":true,"href":"https:\/\/linitiative.ca\/International\/wp-json\/wp\/v2\/tags?post=68596"}],"curies":[{"name":"wp","href":"https:\/\/api.w.org\/{rel}","templated":true}]}}