{"id":68597,"date":"2019-11-26T12:47:42","date_gmt":"2019-11-26T17:47:42","guid":{"rendered":"https:\/\/linitiative.ca\/International\/el-bayadh-marche-pacifique-de-soutien-a-lelection-presidentielle-du-12-decembre\/"},"modified":"2019-11-26T12:47:42","modified_gmt":"2019-11-26T17:47:42","slug":"el-bayadh-marche-pacifique-de-soutien-a-lelection-presidentielle-du-12-decembre","status":"publish","type":"post","link":"https:\/\/linitiative.ca\/International\/el-bayadh-marche-pacifique-de-soutien-a-lelection-presidentielle-du-12-decembre\/","title":{"rendered":"El Bayadh: marche pacifique de soutien \u00e0 l&rsquo;\u00e9lection pr\u00e9sidentielle du 12 d\u00e9cembre"},"content":{"rendered":"<p><span class=\"sp-nh-title\">Jijel: caravane m\u00e9dicale de l\u2019ANP dans les mechtas du Sud-est de la wilaya<\/span> &#8211; <span class=\"sp-nh-date\">mardi 26 novembre 2019 18:49<\/span><\/p>\n<p><span class=\"sp-nh-title\">El Bayadh: marche pacifique de soutien \u00e0 l&rsquo;\u00e9lection pr\u00e9sidentielle du 12 d\u00e9cembre<\/span> &#8211; <span class=\"sp-nh-date\">mardi 26 novembre 2019 18:47<\/span><\/p>\n<p><span class=\"sp-nh-title\">Mihoubi promet \u00e0 partir de Bechar un programme sp\u00e9cial pour le d\u00e9veloppement du Sud<\/span> &#8211; <span class=\"sp-nh-date\">mardi 26 novembre 2019 18:43<\/span><\/p>\n<p><span class=\"sp-nh-title\">Insertion professionnelle: r\u00e9gularisation progressive de la situation de 460.000 travailleurs<\/span> &#8211; <span class=\"sp-nh-date\">mardi 26 novembre 2019 18:42<\/span><\/p>\n<p><span class=\"sp-nh-title\">Stockage de 65.000 qx d&rsquo;ail produits localement \u00e0 travers le pays<\/span> &#8211; <span class=\"sp-nh-date\">mardi 26 novembre 2019 18:34<\/span><\/p>\n<p><span class=\"sp-nh-title\">L\u2019association El \u00eezza oua El karama participe en Tunisie au Festival du Sahara<\/span> &#8211; <span class=\"sp-nh-date\">mardi 26 novembre 2019 18:25<\/span><\/p>\n<p><span class=\"sp-nh-title\">A\u00efn Defla: exportation en 2020 de l\u2019huile de figue de barbarie vers le Mali<\/span> &#8211; <span class=\"sp-nh-date\">mardi 26 novembre 2019 18:23<\/span><\/p>\n<p><span class=\"sp-nh-title\">Ouargla: quarante exposants au salon de la production et de l\u2019exportation<\/span> &#8211; <span class=\"sp-nh-date\">mardi 26 novembre 2019 18:20<\/span><\/p>\n<p><span class=\"sp-nh-title\">Centre d\u2019enf\u00fbtage de Skikda: exportation du gaz butane vers la Tunisie, prochainement<\/span> &#8211; <span class=\"sp-nh-date\">mardi 26 novembre 2019 18:14<\/span><\/p>\n<p><span class=\"sp-nh-title\">La Bolivie convoque de nouvelles \u00e9lections, l&rsquo;opposition continue de manifester<\/span> &#8211; <span class=\"sp-nh-date\">mardi 26 novembre 2019 17:49<\/span><\/p>\n<p><span class=\"sp-nh-title\">Pr\u00e9sidentielle: l&rsquo;ANIE lance le processus d&rsquo;accr\u00e9ditation des journalistes<\/span> &#8211; <span class=\"sp-nh-date\">mardi 26 novembre 2019 17:44<\/span><\/p>\n<p><span class=\"sp-nh-title\">Belaid: on ne peut pas construire de v\u00e9ritables institutions sans l&rsquo;\u00e9lite universitaire<\/span> &#8211; <span class=\"sp-nh-date\">mardi 26 novembre 2019 17:30<\/span><\/p>\n<p><span class=\"sp-nh-title\">21 m\u00e9dias \u00e9trangers accr\u00e9dit\u00e9s\u00a0<\/span> &#8211; <span class=\"sp-nh-date\">mardi 26 novembre 2019 17:27<\/span><\/p>\n<p><span class=\"sp-nh-title\">Benflis s&rsquo;engage de Gharda\u00efa \u00e0 \u00eatre le rassembleur des Alg\u00e9riens<\/span> &#8211; <span class=\"sp-nh-date\">mardi 26 novembre 2019 17:21<\/span><\/p>\n<p><span class=\"sp-nh-title\">Tassili Airlines lance une desserte Oran-Strasbourg en juillet 2020<\/span> &#8211; <span class=\"sp-nh-date\">mardi 26 novembre 2019 17:17<\/span><\/p>\n<p><span class=\"sp-nh-title\">Le travail \u00e0 distance comme nouveau m\u00e9canisme pour relever le taux d&#8217;emploi des femmes<\/span> &#8211; <span class=\"sp-nh-date\">mardi 26 novembre 2019 17:05<\/span><\/p>\n<p><span class=\"sp-nh-title\">Exception d&rsquo;inconstitutionnalit\u00e9: le Conseil constitutionnel rend ses 2 premi\u00e8res d\u00e9cisions<\/span> &#8211; <span class=\"sp-nh-date\">mardi 26 novembre 2019 15:31<\/span><\/p>\n<p><span class=\"sp-nh-title\">Plus de 292 kg de kif trait\u00e9 saisis \u00e0 B\u00e9char (MDN)<\/span> &#8211; <span class=\"sp-nh-date\">mardi 26 novembre 2019 15:26<\/span><\/p>\n<p><span class=\"sp-nh-title\">Certification: les entreprises nationales appel\u00e9es \u00e0 participer aux comit\u00e9s techniques de l&rsquo;IANOR<\/span> &#8211; <span class=\"sp-nh-date\">mardi 26 novembre 2019 15:25<\/span><\/p>\n<p><span class=\"sp-nh-title\">Exportation: n\u00e9cessit\u00e9 d\u2019\u00e9laborer une strat\u00e9gie et diagnostiquer le march\u00e9 cible<\/span> &#8211; <span class=\"sp-nh-date\">mardi 26 novembre 2019 15:20<\/span><\/p>\n<p>Auteur:<br \/>\n<a href=\"http:\/\/www.aps.dz\/regions\/98067-el-bayadh-marche-pacifique-de-soutien-a-l-election-presidentielle-du-12-decembre\">Cliquez ici pour lire l&rsquo;article depuis sa source.<\/a><\/p>\n","protected":false},"excerpt":{"rendered":"<p>Jijel: caravane m\u00e9dicale de l\u2019ANP dans les mechtas du Sud-est de la wilaya &#8211; mardi 26 novembre 2019 18:49 El Bayadh: marche pacifique de soutien \u00e0 l&rsquo;\u00e9lection pr\u00e9sidentielle du 12 d\u00e9cembre &#8211; mardi 26 novembre 2019 18:47 Mihoubi promet \u00e0 partir de Bechar un programme sp\u00e9cial pour le d\u00e9veloppement du Sud &#8211; mardi 26 novembre [&hellip;]<\/p>\n","protected":false},"author":1790,"featured_media":0,"comment_status":"closed","ping_status":"closed","sticky":false,"template":"","format":"standard","meta":{"fifu_image_url":"","fifu_image_alt":"","footnotes":""},"categories":[53,76],"tags":[],"class_list":["post-68597","post","type-post","status-publish","format-standard","hentry","category-algerie","category-regions"],"_links":{"self":[{"href":"https:\/\/linitiative.ca\/International\/wp-json\/wp\/v2\/posts\/68597","targetHints":{"allow":["GET"]}}],"collection":[{"href":"https:\/\/linitiative.ca\/International\/wp-json\/wp\/v2\/posts"}],"about":[{"href":"https:\/\/linitiative.ca\/International\/wp-json\/wp\/v2\/types\/post"}],"author":[{"embeddable":true,"href":"https:\/\/linitiative.ca\/International\/wp-json\/wp\/v2\/users\/1790"}],"replies":[{"embeddable":true,"href":"https:\/\/linitiative.ca\/International\/wp-json\/wp\/v2\/comments?post=68597"}],"version-history":[{"count":0,"href":"https:\/\/linitiative.ca\/International\/wp-json\/wp\/v2\/posts\/68597\/revisions"}],"wp:attachment":[{"href":"https:\/\/linitiative.ca\/International\/wp-json\/wp\/v2\/media?parent=68597"}],"wp:term":[{"taxonomy":"category","embeddable":true,"href":"https:\/\/linitiative.ca\/International\/wp-json\/wp\/v2\/categories?post=68597"},{"taxonomy":"post_tag","embeddable":true,"href":"https:\/\/linitiative.ca\/International\/wp-json\/wp\/v2\/tags?post=68597"}],"curies":[{"name":"wp","href":"https:\/\/api.w.org\/{rel}","templated":true}]}}