{"id":68599,"date":"2019-11-26T07:09:10","date_gmt":"2019-11-26T12:09:10","guid":{"rendered":"https:\/\/linitiative.ca\/International\/forte-mobilisation-pour-faire-face-a-la-vague-de-froid\/"},"modified":"2019-11-26T07:09:10","modified_gmt":"2019-11-26T12:09:10","slug":"forte-mobilisation-pour-faire-face-a-la-vague-de-froid","status":"publish","type":"post","link":"https:\/\/linitiative.ca\/International\/forte-mobilisation-pour-faire-face-a-la-vague-de-froid\/","title":{"rendered":"Forte mobilisation pour faire face \u00e0 la vague de froid"},"content":{"rendered":"<p class=\"c5\">Les mesures proactives prises pour att\u00e9nuer les effets de la vague de froid et des intemp\u00e9ries au niveau de la province de Guercif pendant la saison hivernale 2019-2020, ont \u00e9t\u00e9 au centre d\u2019une r\u00e9union du comit\u00e9 de veille et de suivi.<\/p>\n<p class=\"c5\">La r\u00e9union, tenue lundi \u00e0 Guercif en pr\u00e9sence de l\u2019ensemble des intervenants et parties concern\u00e9es, notamment les services ext\u00e9rieurs, les autorit\u00e9s locales et les \u00e9lus, a \u00e9t\u00e9 pr\u00e9sid\u00e9e par le gouverneur de la province, Hassan Belmahi qui a soulign\u00e9 la n\u00e9cessit\u00e9 imp\u00e9rieuse de la conjugaison des efforts et d\u2019une mobilisation collective accrues pour att\u00e9nuer les effets de la vague de froid et des chutes de neige.<\/p>\n<p class=\"c5\">Il a insist\u00e9 dans ce sens sur l\u2019importance de tirer profit de l\u2019exp\u00e9rience cumul\u00e9e en la mati\u00e8re durant les ann\u00e9es \u00e9coul\u00e9es et de l\u2019enrichir par d\u2019autres actions afin de rem\u00e9dier aux faiblesses identifi\u00e9es, notant que l\u2019anticipation, l\u2019interaction positive avec les alertes de mauvais temps, la sensibilisation des habitants, ainsi qu\u2019une meilleure coordination entre les diff\u00e9rentes parties concern\u00e9es sont essentielles pour des interventions \u00e0 temps et efficaces sur le terrain.<\/p>\n<p class=\"c5\">M. Belmahi a appel\u00e9 l\u2019ensemble des intervenants \u00e0 assurer un suivi r\u00e9gulier de la situation, \u00e0 faire preuve de vigilance et de responsabilit\u00e9 et \u00e0 d\u00e9ployer tous les moyens, humains et logistiques requis pour contrer les effets n\u00e9fastes des intemp\u00e9ries sur la population locale, et ce conform\u00e9ment aux Hautes orientations royales.<\/p>\n<p><img class=\"wp-image-16144 aligncenter\" data-src=\"http:\/\/www.mapoujda.ma\/map\/uploads\/2019\/11\/r\u00e9union-\u00e0-Guercif-sur-les-mesures-prises-pour-faire-face-au-vague-de-froid-M750\u00d7430-MAP.jpg\" alt=\"\" width=\"576\" height=\"330\" srcset=\"http:\/\/www.mapoujda.ma\/map\/uploads\/2019\/11\/r\u00e9union-\u00e0-Guercif-sur-les-mesures-prises-pour-faire-face-au-vague-de-froid-M750\u00d7430-MAP.jpg 750w, http:\/\/www.mapoujda.ma\/map\/uploads\/2019\/11\/r\u00e9union-\u00e0-Guercif-sur-les-mesures-prises-pour-faire-face-au-vague-de-froid-M750\u00d7430-MAP-300x172.jpg 300w\" sizes=\"(max-width: 576px) 100vw, 576px\"\/><\/p>\n<p class=\"c5\">Rappelant les chutes de neige r\u00e9centes dans certaines zones de la province et les actions rapides qui ont suivi pour le d\u00e9neigement et l\u2019ouverture des axes routiers ferm\u00e9s \u00e0 la circulation et pour venir en aide aux populations des zones touch\u00e9es, il a soulign\u00e9 l\u2019importance pour les services et acteurs concern\u00e9s d\u2019anticiper et de livrer des donn\u00e9es pr\u00e9cises sur les zones \u00e0 risque, la population cible, les moyens logistiques et ressources humaines mobilis\u00e9s, les outils de communication, et de r\u00e9pertorier les personnes souffrant de maladies chroniques et les femmes enceintes qui n\u00e9cessitent une prise en charge.<\/p>\n<p class=\"c5\">La lutte contre les effets de la vague de froid et des chutes de neige est une responsabilit\u00e9 partag\u00e9e, a-t-il dit, appelant ainsi \u00e0 une mobilisation collective (autorit\u00e9s, \u00e9lus, soci\u00e9t\u00e9 civile,..) pour intervenir au bon moment avec les moyens appropri\u00e9s.<\/p>\n<p class=\"c5\">La r\u00e9union a \u00e9t\u00e9 marqu\u00e9e aussi par une s\u00e9rie d\u2019expos\u00e9s pr\u00e9sent\u00e9s par les directions provinciales de l\u2019Equipement et du Transport, de la Sant\u00e9, de l\u2019Education, des Eaux et for\u00eats et de l\u2019Agriculture, en plus du bureau provincial du Croisant Rouge Marocain.<\/p>\n<p class=\"c5\">Ces expos\u00e9s ont d\u00e9taill\u00e9 les mesures proactives prises pour contrer la vague de froid et les intemp\u00e9ries, notamment en ce qui concerne la mobilisation des engins d\u2019intervention pour le d\u00e9senclavement des populations, et l\u2019organisation de campagnes m\u00e9dicales avec distribution de m\u00e9dicaments, dont trois d\u00e9j\u00e0 r\u00e9alis\u00e9es ont profit\u00e9 \u00e0 plus de 1.200 personnes des communes de Berkine et Ras Laksar.<\/p>\n<p class=\"c5\">Il s\u2019agit aussi de la distribution d\u2019aides humanitaires au profit de 500 familles ainsi que de 100 fours am\u00e9lior\u00e9s, des mesures prises au profit des \u00e9tablissements scolaires, et de la pr\u00e9servation du cheptel \u00e0 travers notamment la distribution au titre de l\u2019ann\u00e9e 2019 d\u2019un total de 45.150 quintaux d\u2019orge subventionn\u00e9e au profit de 5.233 \u00e9leveurs r\u00e9partis sur neuf communes.<\/p>\n<p>Auteur: Soufiane ELAHMAR<br \/>\n<a href=\"http:\/\/www.mapoujda.ma\/fr\/forte-mobilisation-pour-faire-face-a-la-vague-de-froid\/\">Cliquez ici pour lire l&rsquo;article depuis sa source.<\/a><\/p>\n","protected":false},"excerpt":{"rendered":"<p>Les mesures proactives prises pour att\u00e9nuer les effets de la vague de froid et des intemp\u00e9ries au niveau de la province de Guercif pendant la saison hivernale 2019-2020, ont \u00e9t\u00e9 au centre d\u2019une r\u00e9union du comit\u00e9 de veille et de suivi. La r\u00e9union, tenue lundi \u00e0 Guercif en pr\u00e9sence de l\u2019ensemble des intervenants et parties [&hellip;]<\/p>\n","protected":false},"author":1788,"featured_media":68600,"comment_status":"closed","ping_status":"closed","sticky":false,"template":"","format":"standard","meta":{"fifu_image_url":"","fifu_image_alt":"","footnotes":""},"categories":[54,76],"tags":[],"class_list":["post-68599","post","type-post","status-publish","format-standard","has-post-thumbnail","hentry","category-maroc","category-regions"],"_links":{"self":[{"href":"https:\/\/linitiative.ca\/International\/wp-json\/wp\/v2\/posts\/68599","targetHints":{"allow":["GET"]}}],"collection":[{"href":"https:\/\/linitiative.ca\/International\/wp-json\/wp\/v2\/posts"}],"about":[{"href":"https:\/\/linitiative.ca\/International\/wp-json\/wp\/v2\/types\/post"}],"author":[{"embeddable":true,"href":"https:\/\/linitiative.ca\/International\/wp-json\/wp\/v2\/users\/1788"}],"replies":[{"embeddable":true,"href":"https:\/\/linitiative.ca\/International\/wp-json\/wp\/v2\/comments?post=68599"}],"version-history":[{"count":0,"href":"https:\/\/linitiative.ca\/International\/wp-json\/wp\/v2\/posts\/68599\/revisions"}],"wp:featuredmedia":[{"embeddable":true,"href":"https:\/\/linitiative.ca\/International\/wp-json\/"}],"wp:attachment":[{"href":"https:\/\/linitiative.ca\/International\/wp-json\/wp\/v2\/media?parent=68599"}],"wp:term":[{"taxonomy":"category","embeddable":true,"href":"https:\/\/linitiative.ca\/International\/wp-json\/wp\/v2\/categories?post=68599"},{"taxonomy":"post_tag","embeddable":true,"href":"https:\/\/linitiative.ca\/International\/wp-json\/wp\/v2\/tags?post=68599"}],"curies":[{"name":"wp","href":"https:\/\/api.w.org\/{rel}","templated":true}]}}