{"id":68601,"date":"2019-11-26T07:30:41","date_gmt":"2019-11-26T12:30:41","guid":{"rendered":"https:\/\/linitiative.ca\/International\/arrestation-dun-individu-pour-possession-de-drogue\/"},"modified":"2019-11-26T07:30:41","modified_gmt":"2019-11-26T12:30:41","slug":"arrestation-dun-individu-pour-possession-de-drogue","status":"publish","type":"post","link":"https:\/\/linitiative.ca\/International\/arrestation-dun-individu-pour-possession-de-drogue\/","title":{"rendered":"Arrestation d\u2019un individu pour possession de drogue"},"content":{"rendered":"<div class=\"single-featured\"><img alt=\"\" data-src=\"http:\/\/www.mapoujda.ma\/map\/uploads\/2019\/11\/Arrestation-dun-individu-M750\u00d7430-MAP-Archive.jpg\"\/><\/div>\n<div class=\"entry-content clearfix single-post-content\" readability=\"64\">\n<p class=\"c5\">Les \u00e9l\u00e9ments de la police judiciaire de Nador ont arr\u00eat\u00e9, lundi sur la base d\u2019informations pr\u00e9cises fournies par les services de la Direction g\u00e9n\u00e9rale de la surveillance du territoire (DGST), un individu \u00e2g\u00e9 de 27 ans en flagrant d\u00e9lit de possession de 50.013 comprim\u00e9s psycotrophes de type Ecstasy.<\/p>\n<p class=\"c5\">Les op\u00e9rations d\u2019enqu\u00eate et d\u2019investigation ont permis d\u2019arr\u00eater le suspect \u00e0 bord d\u2019un v\u00e9hicule l\u00e9ger \u00e0 la commune rurale \u00ab\u00a0Tafrisst\u00a0\u00bb dans la zone de Driouch \u00e0 70 Km d\u2019Al Hoceima, a indiqu\u00e9 la Direction g\u00e9n\u00e9rale de la S\u00fbret\u00e9 nationale (DGSN) dans un communiqu\u00e9, ajoutant que le mis en cause \u00e9tait en possession de sacs en plastiques soigneusement enroul\u00e9s et dissimul\u00e9s \u00e0 l\u2019int\u00e9rieur de la voiture et contenant 50.013 comprim\u00e9s d\u2019ecstasy.<\/p>\n<p class=\"c5\">L\u2019op\u00e9ration de perquisition \u00e0 l\u2019int\u00e9rieur du domicile du pr\u00e9venu a \u00e9galement abouti \u00e0 la saisie d\u2019une grande moto, dont l\u2019origine demeure suspecte, a poursuivi la m\u00eame source.<\/p>\n<p class=\"c5\">Le mis en cause a \u00e9t\u00e9 plac\u00e9 en garde \u00e0 vue \u00e0 la disposition de l\u2019enqu\u00eate men\u00e9e sous la supervision du parquet comp\u00e9tent pour \u00e9lucider les tenants et aboutissants de cette affaire, afin d\u2019en d\u00e9terminer les \u00e9ventuels liens et ramifications aux niveaux national et international afin d\u2019arr\u00eater tous les complices, a soulign\u00e9 la DGSN.<\/p>\n<p class=\"c5\">Cette op\u00e9ration s\u2019inscrit dans le cadre des efforts inlassables d\u00e9ploy\u00e9s par les services de la DGSN en coordination avec la DGST pour d\u00e9manteler les r\u00e9seaux criminels s\u2019activant dans le trafic de psychotropes vers le Maroc, y compris les drogues synth\u00e9tiques, en particulier les comprim\u00e9s d\u2019ecstasy, a conclu le communiqu\u00e9.<\/p>\n<\/div>\n<p>Auteur: Soufiane ELAHMAR<br \/>\n<a href=\"http:\/\/www.mapoujda.ma\/fr\/arrestation-dun-individu-pour-possession-de-drogue\/\">Cliquez ici pour lire l&rsquo;article depuis sa source.<\/a><\/p>\n","protected":false},"excerpt":{"rendered":"<p>Les \u00e9l\u00e9ments de la police judiciaire de Nador ont arr\u00eat\u00e9, lundi sur la base d\u2019informations pr\u00e9cises fournies par les services de la Direction g\u00e9n\u00e9rale de la surveillance du territoire (DGST), un individu \u00e2g\u00e9 de 27 ans en flagrant d\u00e9lit de possession de 50.013 comprim\u00e9s psycotrophes de type Ecstasy. Les op\u00e9rations d\u2019enqu\u00eate et d\u2019investigation ont permis [&hellip;]<\/p>\n","protected":false},"author":1788,"featured_media":68602,"comment_status":"closed","ping_status":"closed","sticky":false,"template":"","format":"standard","meta":{"fifu_image_url":"","fifu_image_alt":"","footnotes":""},"categories":[54,76],"tags":[],"class_list":["post-68601","post","type-post","status-publish","format-standard","has-post-thumbnail","hentry","category-maroc","category-regions"],"_links":{"self":[{"href":"https:\/\/linitiative.ca\/International\/wp-json\/wp\/v2\/posts\/68601","targetHints":{"allow":["GET"]}}],"collection":[{"href":"https:\/\/linitiative.ca\/International\/wp-json\/wp\/v2\/posts"}],"about":[{"href":"https:\/\/linitiative.ca\/International\/wp-json\/wp\/v2\/types\/post"}],"author":[{"embeddable":true,"href":"https:\/\/linitiative.ca\/International\/wp-json\/wp\/v2\/users\/1788"}],"replies":[{"embeddable":true,"href":"https:\/\/linitiative.ca\/International\/wp-json\/wp\/v2\/comments?post=68601"}],"version-history":[{"count":0,"href":"https:\/\/linitiative.ca\/International\/wp-json\/wp\/v2\/posts\/68601\/revisions"}],"wp:featuredmedia":[{"embeddable":true,"href":"https:\/\/linitiative.ca\/International\/wp-json\/"}],"wp:attachment":[{"href":"https:\/\/linitiative.ca\/International\/wp-json\/wp\/v2\/media?parent=68601"}],"wp:term":[{"taxonomy":"category","embeddable":true,"href":"https:\/\/linitiative.ca\/International\/wp-json\/wp\/v2\/categories?post=68601"},{"taxonomy":"post_tag","embeddable":true,"href":"https:\/\/linitiative.ca\/International\/wp-json\/wp\/v2\/tags?post=68601"}],"curies":[{"name":"wp","href":"https:\/\/api.w.org\/{rel}","templated":true}]}}