{"id":68606,"date":"2019-11-26T06:00:00","date_gmt":"2019-11-26T11:00:00","guid":{"rendered":"https:\/\/linitiative.ca\/International\/ocde-les-ingredients-necessaires-a-la-croissance\/"},"modified":"2019-11-26T06:00:00","modified_gmt":"2019-11-26T11:00:00","slug":"ocde-les-ingredients-necessaires-a-la-croissance","status":"publish","type":"post","link":"https:\/\/linitiative.ca\/International\/ocde-les-ingredients-necessaires-a-la-croissance\/","title":{"rendered":"OCDE: Les ingr\u00e9dients n\u00e9cessaires \u00e0 la croissance"},"content":{"rendered":"<div readability=\"37\">\n<p>Coordination au niveau des \u00e9changes et du syst\u00e8me fiscal<\/p>\n<p>Orientations en mati\u00e8re de transition \u00e9nerg\u00e9tique et de l&rsquo;investissement<\/p>\n<p>Tensions commerciales, Brexit\u2026 des freins<\/p>\n<\/div>\n<div readability=\"109.5\">\n<div class=\"dnd-atom-wrapper type-image context-sdl_editor_representation atom-align-right\" contenteditable=\"false\" readability=\"35.5\">\n<div class=\"dnd-drop-wrapper image\"><img loading=\"lazy\" decoding=\"async\" typeof=\"foaf:Image\" class=\"img-responsive\" src=\"https:\/\/www.leconomiste.com\/sites\/default\/files\/eco7\/public\/thumbnails\/image\/previsions-croissances-040.jpg\" width=\"445\" height=\"454\" alt=\"previsions-croissances-040.jpg\" title=\"previsions-croissances-040.jpg\"\/><\/div>\n<div class=\"dnd-legend-wrapper\" contenteditable=\"true\" readability=\"16\">\n<p class=\"rtejustify\">Le ralentissement de l\u2019activit\u00e9 touche aussi bien les \u00e9conomies de march\u00e9 \u00e9mergentes que celles avanc\u00e9es, mais plus ou moins s\u00e9v\u00e8rement selon l\u2019importance des \u00e9changes dans les diff\u00e9rents pays. Aux Etats-Unis, la croissance devrait selon les pr\u00e9visions ralentir pour revenir \u00e0 2% en 2020 comme en 2021. Dans la zone euro et au Japon, elle devrait s\u2019\u00e9tablir autour de 1% tandis qu\u2019en Chine, la d\u00e9c\u00e9l\u00e9ration devrait se poursuivre avec une croissance qui pourrait ressortir \u00e0 5,5% en 2021 contre 6,6% l\u2019ann\u00e9e derni\u00e8re<\/p>\n<\/div>\n<\/div>\n<p class=\"rtejustify\">Toute nouvelle aggravation des tensions commerciales entra\u00eenerait des ruptures dans les r\u00e9seaux d\u2019approvisionnement et exercerait un effet de freinage sur la confiance, l\u2019emploi et les revenus.<\/p>\n<p class=\"rtejustify\">C\u2019est ce qui ressort de la derni\u00e8re \u00e9dition des perspectives \u00e9conomiques de l\u2019OCDE. Les incertitudes entourant l\u2019avenir des relations commerciales entre l\u2019UE et le Royaume-Uni font peser un risque suppl\u00e9mentaire sur la croissance, de m\u00eame que le niveau actuellement \u00e9lev\u00e9 de la dette des entreprises.<\/p>\n<p class=\"rtejustify\">Ce sont l\u00e0 autant de facteurs qui p\u00e8sent sur l\u2019\u00e9conomie mondiale et font cro\u00eetre le risque d\u2019une stagnation \u00e0 long terme. La croissance du PIB devrait s\u2019\u00e9tablir \u00e0 2,9% cette ann\u00e9e, soit son niveau le plus faible depuis la crise financi\u00e8re et se maintenir \u00e0 2,9% &#8211; 3% en 2020 comme en 2021.<\/p>\n<p class=\"rtejustify\">En 2018, le PIB mondial avait progress\u00e9 de 3,5%. Ces perspectives rejoignent celles du FMI publi\u00e9es en octobre dernier et qui pr\u00e9voient un taux de l\u2019ordre de 3,4% l\u2019ann\u00e9e prochaine (ce qui correspond \u00e0 une r\u00e9vision \u00e0 la baisse de 0,2% des projections d&rsquo;avril dernier). Toutefois, contrairement au ralentissement synchronis\u00e9, cette reprise n\u2019est pas g\u00e9n\u00e9ralis\u00e9e et est pr\u00e9caire, avertit le Fonds mon\u00e9taire.<\/p>\n<p class=\"rtejustify\">\u00abCe serait une erreur de consid\u00e9rer ces \u00e9volutions comme des facteurs temporaires auxquels la politique mon\u00e9taire ou budg\u00e9taire pourrait apporter des r\u00e9ponses. Elles sont, par nature, structurelles\u00bb, a indiqu\u00e9 la cheffe \u00e9conomiste de l\u2019OCDE, Laurence Boone.<\/p>\n<p class=\"rtejustify\">\u00abEn l\u2019absence de coordination au niveau des \u00e9changes et du syst\u00e8me fiscal international, d\u2019orientations strat\u00e9giques claires en mati\u00e8re de transition \u00e9nerg\u00e9tique, le climat d\u2019incertitude continuera de r\u00e9gner, compromettant les perspectives de croissance\u00bb, dit-elle. Il est en outre urgent que les gouvernements \u0153uvrent de concert \u00e0 stimuler l&rsquo;investissement.<\/p>\n<p class=\"rtejustify\">Deux ann\u00e9es d\u2019aggravation des diff\u00e9rends sur les droits de douane (principalement entre les Etats-Unis et la Chine) ont mis \u00e0 mal les \u00e9changes, \u00e9rodant l\u2019investissement des entreprises et mettant des emplois en danger. Bien que les d\u00e9penses des m\u00e9nages aient r\u00e9sist\u00e9, des signes d\u2019essoufflement sont apparus sur ce front aussi. Les ventes de v\u00e9hicules automobiles ont fortement recul\u00e9 au cours des douze derniers mois.<\/p>\n<p class=\"rtejustify\">\u00abSi la fragilit\u00e9 de l\u2019\u00e9conomie mondiale peut \u00eatre imput\u00e9e en grande partie \u00e0 des actions d\u00e9lib\u00e9r\u00e9es de la part de d\u00e9cideurs publics, il n\u2019en reste pas moins qu\u2019elle refl\u00e8te aussi des \u00e9volutions structurelles plus profondes\u00bb, selon les \u00e9conomistes.<\/p>\n<p class=\"rtejustify\">La r\u00e9volution num\u00e9rique transforme les mod\u00e8les \u00e9conomiques, tandis que les \u00e9volutions climatiques et d\u00e9mographiques bouleversent d\u2019ores et d\u00e9j\u00e0 les structures d\u2019activit\u00e9. Dans le m\u00eame temps, la Chine proc\u00e8de \u00e0 un r\u00e9\u00e9quilibrage en faveur de la consommation et des services au d\u00e9triment des exportations et de l\u2019industrie manufacturi\u00e8re.<\/p>\n<p class=\"rtejustify\">La progression de l\u2019investissement agr\u00e9g\u00e9 dans les pays du G20 (hors Chine) a ralenti, passant d\u2019un rythme annuel de 5% au d\u00e9but de l\u2019ann\u00e9e 2018 \u00e0 seulement 1% au premier semestre de 2019. D\u2019apr\u00e8s les estimations, la hausse en volume des \u00e9changes mondiaux de biens et de services s\u2019est repli\u00e9e \u00e0 1% cette ann\u00e9e, soit son taux le plus faible depuis 2009. Bien qu\u2019un l\u00e9ger redressement soit anticip\u00e9, cette hausse devrait rester timide.<\/p>\n<blockquote readability=\"10\">\n<p class=\"rtecenter\"><strong><span class=\"c4\">Des fonds d\u2019investissement<\/span><\/strong><\/p>\n<p class=\"rtejustify\">L&rsquo;\u00e9quipe de l\u2019OCDE examine \u00e9galement de quelle mani\u00e8re des fonds d\u2019investissement publics d\u00e9di\u00e9s pourraient \u00eatre adapt\u00e9s de fa\u00e7on \u00e0 r\u00e9pondre \u00e0 des objectifs de croissance \u00e0 long terme. Ils pourraient consister par exemple \u00e0 garantir que la soci\u00e9t\u00e9 dans son ensemble tirera pleinement profit des avanc\u00e9es du num\u00e9rique ou \u00e0 faciliter la transition vers un avenir bas carbone.<\/p>\n<\/blockquote>\n<p class=\"rtejustify\"><em>Fatim-Zahra TOHRY<\/em><\/p>\n<\/div>\n<p>Auteur: hlafriqi<br \/>\n<a href=\"https:\/\/www.leconomiste.com\/article\/1053548-ocde-les-ingredients-necessaires-la-croissance\">Cliquez ici pour lire l&rsquo;article depuis sa source.<\/a><\/p>\n","protected":false},"excerpt":{"rendered":"<p>Coordination au niveau des \u00e9changes et du syst\u00e8me fiscal Orientations en mati\u00e8re de transition \u00e9nerg\u00e9tique et de l&rsquo;investissement Tensions commerciales, Brexit\u2026 des freins Le ralentissement de l\u2019activit\u00e9 touche aussi bien les \u00e9conomies de march\u00e9 \u00e9mergentes que celles avanc\u00e9es, mais plus ou moins s\u00e9v\u00e8rement selon l\u2019importance des \u00e9changes dans les diff\u00e9rents pays. Aux Etats-Unis, la croissance [&hellip;]<\/p>\n","protected":false},"author":1763,"featured_media":68607,"comment_status":"closed","ping_status":"closed","sticky":false,"template":"","format":"standard","meta":{"fifu_image_url":"","fifu_image_alt":"","footnotes":""},"categories":[78,54],"tags":[],"class_list":["post-68606","post","type-post","status-publish","format-standard","has-post-thumbnail","hentry","category-economie","category-maroc"],"_links":{"self":[{"href":"https:\/\/linitiative.ca\/International\/wp-json\/wp\/v2\/posts\/68606","targetHints":{"allow":["GET"]}}],"collection":[{"href":"https:\/\/linitiative.ca\/International\/wp-json\/wp\/v2\/posts"}],"about":[{"href":"https:\/\/linitiative.ca\/International\/wp-json\/wp\/v2\/types\/post"}],"author":[{"embeddable":true,"href":"https:\/\/linitiative.ca\/International\/wp-json\/wp\/v2\/users\/1763"}],"replies":[{"embeddable":true,"href":"https:\/\/linitiative.ca\/International\/wp-json\/wp\/v2\/comments?post=68606"}],"version-history":[{"count":0,"href":"https:\/\/linitiative.ca\/International\/wp-json\/wp\/v2\/posts\/68606\/revisions"}],"wp:featuredmedia":[{"embeddable":true,"href":"https:\/\/linitiative.ca\/International\/wp-json\/"}],"wp:attachment":[{"href":"https:\/\/linitiative.ca\/International\/wp-json\/wp\/v2\/media?parent=68606"}],"wp:term":[{"taxonomy":"category","embeddable":true,"href":"https:\/\/linitiative.ca\/International\/wp-json\/wp\/v2\/categories?post=68606"},{"taxonomy":"post_tag","embeddable":true,"href":"https:\/\/linitiative.ca\/International\/wp-json\/wp\/v2\/tags?post=68606"}],"curies":[{"name":"wp","href":"https:\/\/api.w.org\/{rel}","templated":true}]}}