{"id":68610,"date":"2019-11-26T15:14:40","date_gmt":"2019-11-26T20:14:40","guid":{"rendered":"https:\/\/linitiative.ca\/International\/ligue-1-2-jsk-ibenge-ent-vita-club-notre-groupe-est-celui-de-la-mort\/"},"modified":"2019-11-26T15:14:40","modified_gmt":"2019-11-26T20:14:40","slug":"ligue-1-2-jsk-ibenge-ent-vita-club-notre-groupe-est-celui-de-la-mort","status":"publish","type":"post","link":"https:\/\/linitiative.ca\/International\/ligue-1-2-jsk-ibenge-ent-vita-club-notre-groupe-est-celui-de-la-mort\/","title":{"rendered":"Ligue 1 &amp; 2 : JSK : Ibenge (ent. Vita Club) \u00abNotre groupe est celui de la mort\u00bb"},"content":{"rendered":"<div readability=\"32\">\n<p>Auteur : <span>Lyes A.<\/span> <span class=\"time\">mardi 26 novembre 2019 14:08<\/span><\/p>\n<\/div>\n<div id=\"post_core\" readability=\"88\">\n<p>Le premier responsable de la barre technique du Vita Club, Jean-Florent Ikwange Ibenge, s\u2019est confi\u00e9 sur le match de ce vendredi face \u00e0 la JS Kabylie. L\u2019ancien s\u00e9lectionneur de la R\u00e9publique D\u00e9mocratique du Congo reconna\u00eet l\u2019importance de ce rendez-vous dans la course pour la qualif\u2019 aux quarts de finale de la Ligue des champions africaine.<\/p>\n<p><strong>Tout d\u2019abord, on vous souhaite coach la bienvenue \u00e0 Tizi Ouzou\u2026<\/strong><br \/>Choukrane (il l\u2019a prononc\u00e9 en arabe) (Il rit franchement)<br \/><strong>Comment s\u2019est d\u00e9roul\u00e9 votre voyage de Kinshasa jusqu\u2019en Alg\u00e9rie ?<\/strong><br \/>Le voyage a \u00e9t\u00e9 un peu long, car nous avons jou\u00e9 hier (Ndlr : avant-hier) le derby de la capitale. Nous avons par la suite pris l\u2019avion dans la nuit. On a juste eu le temps de faire un saut \u00e0 la maison pour faire les valises rapidement et prendre l\u2019avion. Certes, le voyage a \u00e9t\u00e9 un peu long, mais nous sommes l\u00e0, assez suffisamment t\u00f4t, puisque le match ne se jouera que ce vendredi. Donc, on aura la possibilit\u00e9 de se reposer avant ce match.<br \/><strong>Justement, selon vous, vos joueurs auront suffisamment de temps pour bien r\u00e9cup\u00e9rer avant le match de ce vendredi\u2026<\/strong><br \/>Oui, je le pense. En plus, nous sommes venus un peu t\u00f4t pour bien s\u2019acclimater car on n\u2019a pas la m\u00eame temp\u00e9rature. A Kinshasa, il fait tr\u00e8s tr\u00e8s chaud \u00e0 l\u2019heure actuelle, tandis qu\u2019ici il fait un peu froid. Il y a un \u00e9cart thermique assez important entre le Kinshasa et Tizi Ouzou. Du coup, ces quelques jours que nous allons passer en Alg\u00e9rie avant d\u2019affronter la JSK vont nous faire \u00e9norm\u00e9ment du bien.<br \/><strong>Que nous diriez-vous sur l\u2019accueil qui vous a \u00e9t\u00e9 r\u00e9serv\u00e9 par la direction de la JSK ?<\/strong><br \/>Tout va bien pour nous. On a \u00e9t\u00e9 tr\u00e8s bien accueillis par les responsables de la JSK \u00e0 l\u2019a\u00e9roport. Ils nous ont vraiment facilit\u00e9 la t\u00e2che. Et c\u2019est \u00e7a qui fait la valeur du football. C\u2019est cette fraternit\u00e9 qui fait que lorsque vous avez un probl\u00e8me, quelqu\u2019un d\u2019autre vient t\u2019aider.\u00a0<br \/><strong>Comment avez-vous re\u00e7u la d\u00e9cision de jouer \u00e0 Tizi Ouzou, apr\u00e8s l\u2019homologation du stade du 1er-Novembre ?<\/strong><br \/>Franchement, \u00e7a ne nous d\u00e9range pas de jouer \u00e0 Tizi Ouzou. Cela ne nous regarde pas. Je crois que chacun doit pouvoir chez lui. La JSK joue chez elle, et nous, on joue \u00e0 Kinshasa et puis voil\u00e0. A chacun son tour. Et c\u2019est du 50\/50 pour les deux formations.\u00a0 Aujourd\u2019hui, la CAF met de nouvelles normes pour ce genre de matchs, et cela va contribuer \u00e0 l\u2019am\u00e9lioration des infrastructures en Afrique.<br \/><strong>Evoluer sur du gazon synth\u00e9tique ne vous pose de probl\u00e8mes ?<\/strong><br \/>Chez nous aussi on joue sur du synth\u00e9tique. Donc cela ne nous pose aucunement de probl\u00e8me. On a l\u2019habitude de jouer sur ce genre de pelouse.<br \/><strong>On imagine que vous avez votre propre id\u00e9e sur votre adversaire, la JSK\u2026<\/strong><br \/>On va s\u2019en faire une id\u00e9e sur notre adversaire. D\u00e9j\u00e0 je connais leur coach, Hubert (Ndlr : Velud) que je salue au passage. Il a entra\u00een\u00e9 au Congo avec le TP Mazembe. Mais nous \u00e9tions ensemble \u00e0 Clairefontaine en 1998.\u00a0<br \/><strong>Comment sera donc le duel entre vous et Velud ?<\/strong><br \/>Il n\u2019y aura pas de duel entre Jean Florent Ibenge et Hubert Velud, mais plut\u00f4t entre la JS Kabylie et l\u2019AS Vita Club.<br \/><strong>Mais sur le plan tactique, le duel promet d\u2019\u00eatre tr\u00e8s int\u00e9ressent\u2026<\/strong><br \/>Peut-\u00eatre, mais vous savez, le terrain appartient au footballeur. Ce sont les joueurs qui y seront pour faire le match.<br \/><strong>Quel sera votre objectif pour ce match face \u00e0 la JSK\u2026<\/strong><br \/>L\u2019objectif est toujours de prendre du plaisir sur le terrain et de donner le meilleur de soi-m\u00eame. Comme on est des comp\u00e9titeurs et que nous sommes dans une comp\u00e9tition \u00e0 quatre clubs, il est important d\u2019essayer de ramener des points.<br \/><strong>Comment allez-vous aborder ce match ?<\/strong><br \/>Nous savons que nous allons affronter une grande \u00e9quipe de la JSK. Comme je vous l\u2019ai d\u00e9j\u00e0 dit, nous sommes en reconstruction. Nous avons perdu quatorze joueurs dont la majorit\u00e9 sont des internationaux. On est le petit poucet de ce groupe. Non seulement par rapport \u00e0 notre phase de reconstruction, mais aussi par rapport au budget. Si vous mettez le budget de l\u2019AS Vita club sur l\u2019\u00e9chelle continentale, nous sommes peut-\u00eatre au-del\u00e0 de la 100e place. On va essayer de tout faire pour r\u00e9aliser le meilleur r\u00e9sultat possible face \u00e0 la JSK.<br \/><strong>Etes-vous de l\u2019avis de ceux qui qualifient votre groupe de celui de la mort ?<\/strong><br \/>Comme vous l\u2019avez si bien dit, il s\u2019agit du groupe de la mort. Oui, quelque part le titre est juste. Nous sommes dans le m\u00eame groupe avec les trois t\u00e9nors du Maghreb. En ce qui nous concerne, nous avons fait de bons r\u00e9sultats ces derniers temps en faisant deux finales en quatre ans. Mais, on est dans une ann\u00e9e de transition, car nous avons perdu quatorze joueurs en une ann\u00e9e et demie. Donc on est plut\u00f4t en reconstruction. Toutefois, nous avons la chance d\u2019avoir des joueurs int\u00e9ressants du pays.<br \/><strong>Pour conclure, et en votre qualit\u00e9 d\u2019ancien s\u00e9lectionneur du Congo, vous avez sans doute suivi le sacre de l\u2019\u00e9quipe alg\u00e9rienne entra\u00een\u00e9e par Belmadi \u00e0 la CAN\u2026<\/strong><br \/>D\u2019abord, un grand bravo \u00e0 Djamel ! Djamel est aussi quelqu\u2019un contre qui j\u2019ai d\u00e9j\u00e0 jou\u00e9 par le pass\u00e9. Je suis tr\u00e8s fier de ce qu\u2019il a r\u00e9alis\u00e9. \u00c7a fait partie de tous ces fils du pays qui rentrent et qui font de belles choses. J\u2019esp\u00e8re qu\u2019il va continuer ainsi. Comme je vous l\u2019ai d\u00e9j\u00e0 dit, lors de nos deux finales, nous avons une fois jou\u00e9 contre l\u2019ES S\u00e9tif. Cela d\u00e9montre bien que le football alg\u00e9rien est parmi les meilleurs du continent.\u00a0<br \/><strong>Savez-vous que la JSK a remport\u00e9 sa premi\u00e8re Coupe d\u2019Afrique face \u00e0 l\u2019AS Vita Club ?<\/strong><br \/>Oui, je me souviens. Personnellement, je n\u2019\u00e9tais pas encore l\u00e0. Mais j\u2019ai entendu \u00e7a. Je crois que nous avons perdu ici par quatre buts \u00e0 z\u00e9ro. Je sais aussi que l\u2019AS Vita club avait aussi battu la JSK avant, mais que l\u2019\u00e9quipe de la JSK a eu sa revanche par la suite. Ce qui est bien c\u2019est la JSK a eu sa revanche avec la coupe. La JSK poss\u00e9dait \u00e0 l\u2019\u00e9poque de grands joueurs avec Fergani, je pense.\u00a0<br \/>\u00a0<\/p>\n<\/div>\n<p>Auteur:<br \/>\n<a href=\"http:\/\/www.lebuteur.com\/article\/detail?titre=jsk-ibenge-ent-vita-club-notre-groupe-est-celui-de-la-mort&#038;id=93185&#038;utm_source=feedburner&#038;utm_medium=feed&#038;utm_campaign=Feed%3A+GalerieFArtciles+%28Les+derniers+articles++-+lebuteur.com%29\">Cliquez ici pour lire l&rsquo;article depuis sa source.<\/a><\/p>\n","protected":false},"excerpt":{"rendered":"<p>Auteur : Lyes A. mardi 26 novembre 2019 14:08 Le premier responsable de la barre technique du Vita Club, Jean-Florent Ikwange Ibenge, s\u2019est confi\u00e9 sur le match de ce vendredi face \u00e0 la JS Kabylie. L\u2019ancien s\u00e9lectionneur de la R\u00e9publique D\u00e9mocratique du Congo reconna\u00eet l\u2019importance de ce rendez-vous dans la course pour la qualif\u2019 aux [&hellip;]<\/p>\n","protected":false},"author":1738,"featured_media":68611,"comment_status":"closed","ping_status":"closed","sticky":false,"template":"","format":"standard","meta":{"fifu_image_url":"","fifu_image_alt":"","footnotes":""},"categories":[53,75],"tags":[],"class_list":["post-68610","post","type-post","status-publish","format-standard","has-post-thumbnail","hentry","category-algerie","category-sport"],"_links":{"self":[{"href":"https:\/\/linitiative.ca\/International\/wp-json\/wp\/v2\/posts\/68610","targetHints":{"allow":["GET"]}}],"collection":[{"href":"https:\/\/linitiative.ca\/International\/wp-json\/wp\/v2\/posts"}],"about":[{"href":"https:\/\/linitiative.ca\/International\/wp-json\/wp\/v2\/types\/post"}],"author":[{"embeddable":true,"href":"https:\/\/linitiative.ca\/International\/wp-json\/wp\/v2\/users\/1738"}],"replies":[{"embeddable":true,"href":"https:\/\/linitiative.ca\/International\/wp-json\/wp\/v2\/comments?post=68610"}],"version-history":[{"count":0,"href":"https:\/\/linitiative.ca\/International\/wp-json\/wp\/v2\/posts\/68610\/revisions"}],"wp:featuredmedia":[{"embeddable":true,"href":"https:\/\/linitiative.ca\/International\/wp-json\/"}],"wp:attachment":[{"href":"https:\/\/linitiative.ca\/International\/wp-json\/wp\/v2\/media?parent=68610"}],"wp:term":[{"taxonomy":"category","embeddable":true,"href":"https:\/\/linitiative.ca\/International\/wp-json\/wp\/v2\/categories?post=68610"},{"taxonomy":"post_tag","embeddable":true,"href":"https:\/\/linitiative.ca\/International\/wp-json\/wp\/v2\/tags?post=68610"}],"curies":[{"name":"wp","href":"https:\/\/api.w.org\/{rel}","templated":true}]}}