{"id":68618,"date":"2019-11-26T15:14:45","date_gmt":"2019-11-26T20:14:45","guid":{"rendered":"https:\/\/linitiative.ca\/International\/international-tottenham-un-international-algerien-dans-le-viseur-de-mourinho\/"},"modified":"2019-11-26T15:14:45","modified_gmt":"2019-11-26T20:14:45","slug":"international-tottenham-un-international-algerien-dans-le-viseur-de-mourinho","status":"publish","type":"post","link":"https:\/\/linitiative.ca\/International\/international-tottenham-un-international-algerien-dans-le-viseur-de-mourinho\/","title":{"rendered":"International : Tottenham : un international alg\u00e9rien dans le viseur de Mourinho ?"},"content":{"rendered":"<div readability=\"32\">\n<p>Auteur : <span class=\"time\">mardi 26 novembre 2019 15:25<\/span><\/p>\n<\/div>\n<div id=\"post_core\" readability=\"53\">\n<p>Gr\u00e2ce \u00e0 ses tr\u00e8s bonnes performances, Youcef Atal attire l&rsquo;int\u00e9r\u00eat des plus grands clubs europ\u00e9ens. Apr\u00e8s le Milan AC et Chelsea, ce serait au tour de Tottenham de suivre l&rsquo;international alg\u00e9rien. Selon France Football, Jos\u00e9 Mourinho appr\u00e9cierait le profil du lat\u00e9ral droit de Nice. Dans un entretien pour RMC, le pr\u00e9sident des Aiglons, Jean-Pierre Rivi\u00e8re a \u00e9voqu\u00e9 les rumeurs qui concernent son joueur : \u00ab\u00a0Atal ne partira pas en janvier ni en fin de saison, c\u2019est un joueur tr\u00e8s important dans notre effectif. Notre objectif est de prendre des jeunes talentueux, de les faire grandir, de les faire progresser. Et sans manquer de respect \u00e0 personne, ce n\u2019est pas pour les vendre \u00e0 Newcastle ou des clubs comme \u00e7a, non, on les garde chez nous. Apr\u00e8s, si un jour des clubs comme le Real Madrid ou le Bayern viennent, alors oui il sera difficile de les retenir. Mais notre objectif n\u2019est pas de faire du trading de joueurs\u00a0\u00bb. Voil\u00e0 qui est dit. Selon ce m\u00eame m\u00e9dia, Paulo Dybala, Gareth Bale, Declan Rice et Bruno Fernandes sont aussi cibl\u00e9s pour renforcer les Spurs. Reste \u00e0 voir qui Mourinho arrivera \u00e0 attirer dans ses filets rapporte OnzeMondial.<\/p>\n<p><strong>Publi\u00e9 dans :<\/strong> <span>mourinho<\/span> <span>Tottenham<\/span><\/p>\n<\/div>\n<p>Auteur:<br \/>\n<a href=\"http:\/\/www.lebuteur.com\/article\/detail?titre=tottenham-un-international-algerien-dans-le-viseur-de-mourinho&#038;id=93198&#038;utm_source=feedburner&#038;utm_medium=feed&#038;utm_campaign=Feed%3A+GalerieFArtciles+%28Les+derniers+articles++-+lebuteur.com%29\">Cliquez ici pour lire l&rsquo;article depuis sa source.<\/a><\/p>\n","protected":false},"excerpt":{"rendered":"<p>Auteur : mardi 26 novembre 2019 15:25 Gr\u00e2ce \u00e0 ses tr\u00e8s bonnes performances, Youcef Atal attire l&rsquo;int\u00e9r\u00eat des plus grands clubs europ\u00e9ens. Apr\u00e8s le Milan AC et Chelsea, ce serait au tour de Tottenham de suivre l&rsquo;international alg\u00e9rien. Selon France Football, Jos\u00e9 Mourinho appr\u00e9cierait le profil du lat\u00e9ral droit de Nice. Dans un entretien pour [&hellip;]<\/p>\n","protected":false},"author":1738,"featured_media":68619,"comment_status":"closed","ping_status":"closed","sticky":false,"template":"","format":"standard","meta":{"fifu_image_url":"","fifu_image_alt":"","footnotes":""},"categories":[53,75],"tags":[],"class_list":["post-68618","post","type-post","status-publish","format-standard","has-post-thumbnail","hentry","category-algerie","category-sport"],"_links":{"self":[{"href":"https:\/\/linitiative.ca\/International\/wp-json\/wp\/v2\/posts\/68618","targetHints":{"allow":["GET"]}}],"collection":[{"href":"https:\/\/linitiative.ca\/International\/wp-json\/wp\/v2\/posts"}],"about":[{"href":"https:\/\/linitiative.ca\/International\/wp-json\/wp\/v2\/types\/post"}],"author":[{"embeddable":true,"href":"https:\/\/linitiative.ca\/International\/wp-json\/wp\/v2\/users\/1738"}],"replies":[{"embeddable":true,"href":"https:\/\/linitiative.ca\/International\/wp-json\/wp\/v2\/comments?post=68618"}],"version-history":[{"count":0,"href":"https:\/\/linitiative.ca\/International\/wp-json\/wp\/v2\/posts\/68618\/revisions"}],"wp:featuredmedia":[{"embeddable":true,"href":"https:\/\/linitiative.ca\/International\/wp-json\/"}],"wp:attachment":[{"href":"https:\/\/linitiative.ca\/International\/wp-json\/wp\/v2\/media?parent=68618"}],"wp:term":[{"taxonomy":"category","embeddable":true,"href":"https:\/\/linitiative.ca\/International\/wp-json\/wp\/v2\/categories?post=68618"},{"taxonomy":"post_tag","embeddable":true,"href":"https:\/\/linitiative.ca\/International\/wp-json\/wp\/v2\/tags?post=68618"}],"curies":[{"name":"wp","href":"https:\/\/api.w.org\/{rel}","templated":true}]}}