{"id":68620,"date":"2019-11-25T18:00:00","date_gmt":"2019-11-25T23:00:00","guid":{"rendered":"https:\/\/linitiative.ca\/International\/diplomatie-m-boukadoum-recoit-trois-nouveaux-ambassadeurs\/"},"modified":"2019-11-25T18:00:00","modified_gmt":"2019-11-25T23:00:00","slug":"diplomatie-m-boukadoum-recoit-trois-nouveaux-ambassadeurs","status":"publish","type":"post","link":"https:\/\/linitiative.ca\/International\/diplomatie-m-boukadoum-recoit-trois-nouveaux-ambassadeurs\/","title":{"rendered":"Diplomatie   : M. Boukadoum re\u00e7oit trois nouveaux ambassadeurs"},"content":{"rendered":"<p>Le ministre des Affaires \u00e9trang\u00e8res, Sabri Boukadoum, a re\u00e7u, hier, MM. Armando Vergara Bueno, Mohammed Abdullah Mabdul et Christopher Wilkie qui lui ont remis les copies figur\u00e9es des lettres de cr\u00e9ances les accr\u00e9ditant en qualit\u00e9 d&rsquo;ambassadeurs extraordinaires et pl\u00e9nipotentiaires respectivement de la R\u00e9publique de Cuba, de la R\u00e9publique f\u00e9d\u00e9rale du Nig\u00e9ria et du Canada aupr\u00e8s de la R\u00e9publique alg\u00e9rienne d\u00e9mocratique et populaire.<\/p>\n<p>Auteur: elmoudjahid<br \/>\n<a href=\"http:\/\/www.elmoudjahid.com\/fr\/actualites\/144988\">Cliquez ici pour lire l&rsquo;article depuis sa source.<\/a><\/p>\n","protected":false},"excerpt":{"rendered":"<p>Le ministre des Affaires \u00e9trang\u00e8res, Sabri Boukadoum, a re\u00e7u, hier, MM. Armando Vergara Bueno, Mohammed Abdullah Mabdul et Christopher Wilkie qui lui ont remis les copies figur\u00e9es des lettres de cr\u00e9ances les accr\u00e9ditant en qualit\u00e9 d&rsquo;ambassadeurs extraordinaires et pl\u00e9nipotentiaires respectivement de la R\u00e9publique de Cuba, de la R\u00e9publique f\u00e9d\u00e9rale du Nig\u00e9ria et du Canada aupr\u00e8s [&hellip;]<\/p>\n","protected":false},"author":1744,"featured_media":0,"comment_status":"closed","ping_status":"closed","sticky":false,"template":"","format":"standard","meta":{"fifu_image_url":"","fifu_image_alt":"","footnotes":""},"categories":[73,53],"tags":[],"class_list":["post-68620","post","type-post","status-publish","format-standard","hentry","category-actualite","category-algerie"],"_links":{"self":[{"href":"https:\/\/linitiative.ca\/International\/wp-json\/wp\/v2\/posts\/68620","targetHints":{"allow":["GET"]}}],"collection":[{"href":"https:\/\/linitiative.ca\/International\/wp-json\/wp\/v2\/posts"}],"about":[{"href":"https:\/\/linitiative.ca\/International\/wp-json\/wp\/v2\/types\/post"}],"author":[{"embeddable":true,"href":"https:\/\/linitiative.ca\/International\/wp-json\/wp\/v2\/users\/1744"}],"replies":[{"embeddable":true,"href":"https:\/\/linitiative.ca\/International\/wp-json\/wp\/v2\/comments?post=68620"}],"version-history":[{"count":0,"href":"https:\/\/linitiative.ca\/International\/wp-json\/wp\/v2\/posts\/68620\/revisions"}],"wp:attachment":[{"href":"https:\/\/linitiative.ca\/International\/wp-json\/wp\/v2\/media?parent=68620"}],"wp:term":[{"taxonomy":"category","embeddable":true,"href":"https:\/\/linitiative.ca\/International\/wp-json\/wp\/v2\/categories?post=68620"},{"taxonomy":"post_tag","embeddable":true,"href":"https:\/\/linitiative.ca\/International\/wp-json\/wp\/v2\/tags?post=68620"}],"curies":[{"name":"wp","href":"https:\/\/api.w.org\/{rel}","templated":true}]}}