{"id":68621,"date":"2019-11-25T18:00:00","date_gmt":"2019-11-25T23:00:00","guid":{"rendered":"https:\/\/linitiative.ca\/International\/gendarmerie-nationale-evaluer-les-recherches-scientifiques\/"},"modified":"2019-11-25T18:00:00","modified_gmt":"2019-11-25T23:00:00","slug":"gendarmerie-nationale-evaluer-les-recherches-scientifiques","status":"publish","type":"post","link":"https:\/\/linitiative.ca\/International\/gendarmerie-nationale-evaluer-les-recherches-scientifiques\/","title":{"rendered":"Gendarmerie nationale  :   \u00c9valuer les recherches  scientifiques"},"content":{"rendered":"<p>Le commandement de la Gendarmerie nationale organise un s\u00e9minaire national intitul\u00e9 \u00abL\u2019apport de la biologie des insectes n\u00e9crophages dans l\u2019entomologie forensique\u00bb, au niveau de l\u2019Institut national de criminalistique et de criminologie \u00e0 Bouchaoui. Le s\u00e9minaire s&rsquo;inscrit dans le cadre de la concr\u00e9tisation de la directive annuelle de pr\u00e9paration des unit\u00e9s et formations de la Gendarmerie nationale, pr\u00e9cise un communiqu\u00e9 du minist\u00e8re de la D\u00e9fense nationale (MDN). L&rsquo;ouverture des travaux de ce s\u00e9minaire a \u00e9t\u00e9 pr\u00e9sid\u00e9e par le g\u00e9n\u00e9ral major Abdelhamid Ghriss, Secr\u00e9taire g\u00e9n\u00e9ral du MDN, au nom du g\u00e9n\u00e9ral de Corps d&rsquo;Arm\u00e9e vice-ministre de la D\u00e9fense nationale, Chef d&rsquo;Etat-Major de l&rsquo;Arm\u00e9e nationale populaire, en pr\u00e9sence de cadres de l&rsquo;ANP, ainsi que d\u2019universitaires, m\u00e9decins et chercheurs sp\u00e9cialis\u00e9s dans ce domaine.<\/p>\n<p>Auteur: elmoudjahid<br \/>\n<a href=\"http:\/\/www.elmoudjahid.com\/fr\/actualites\/144989\">Cliquez ici pour lire l&rsquo;article depuis sa source.<\/a><\/p>\n","protected":false},"excerpt":{"rendered":"<p>Le commandement de la Gendarmerie nationale organise un s\u00e9minaire national intitul\u00e9 \u00abL\u2019apport de la biologie des insectes n\u00e9crophages dans l\u2019entomologie forensique\u00bb, au niveau de l\u2019Institut national de criminalistique et de criminologie \u00e0 Bouchaoui. Le s\u00e9minaire s&rsquo;inscrit dans le cadre de la concr\u00e9tisation de la directive annuelle de pr\u00e9paration des unit\u00e9s et formations de la Gendarmerie [&hellip;]<\/p>\n","protected":false},"author":1744,"featured_media":0,"comment_status":"closed","ping_status":"closed","sticky":false,"template":"","format":"standard","meta":{"fifu_image_url":"","fifu_image_alt":"","footnotes":""},"categories":[73,53],"tags":[],"class_list":["post-68621","post","type-post","status-publish","format-standard","hentry","category-actualite","category-algerie"],"_links":{"self":[{"href":"https:\/\/linitiative.ca\/International\/wp-json\/wp\/v2\/posts\/68621","targetHints":{"allow":["GET"]}}],"collection":[{"href":"https:\/\/linitiative.ca\/International\/wp-json\/wp\/v2\/posts"}],"about":[{"href":"https:\/\/linitiative.ca\/International\/wp-json\/wp\/v2\/types\/post"}],"author":[{"embeddable":true,"href":"https:\/\/linitiative.ca\/International\/wp-json\/wp\/v2\/users\/1744"}],"replies":[{"embeddable":true,"href":"https:\/\/linitiative.ca\/International\/wp-json\/wp\/v2\/comments?post=68621"}],"version-history":[{"count":0,"href":"https:\/\/linitiative.ca\/International\/wp-json\/wp\/v2\/posts\/68621\/revisions"}],"wp:attachment":[{"href":"https:\/\/linitiative.ca\/International\/wp-json\/wp\/v2\/media?parent=68621"}],"wp:term":[{"taxonomy":"category","embeddable":true,"href":"https:\/\/linitiative.ca\/International\/wp-json\/wp\/v2\/categories?post=68621"},{"taxonomy":"post_tag","embeddable":true,"href":"https:\/\/linitiative.ca\/International\/wp-json\/wp\/v2\/tags?post=68621"}],"curies":[{"name":"wp","href":"https:\/\/api.w.org\/{rel}","templated":true}]}}