{"id":68624,"date":"2019-11-26T11:01:00","date_gmt":"2019-11-26T16:01:00","guid":{"rendered":"https:\/\/linitiative.ca\/International\/interdiction-de-la-couverture-mediatique-du-meeting-dun-candidat-a-la-presidentielle-dementi-et-precisions-de-la-dgsn\/"},"modified":"2019-11-26T11:01:00","modified_gmt":"2019-11-26T16:01:00","slug":"interdiction-de-la-couverture-mediatique-du-meeting-dun-candidat-a-la-presidentielle-dementi-et-precisions-de-la-dgsn","status":"publish","type":"post","link":"https:\/\/linitiative.ca\/International\/interdiction-de-la-couverture-mediatique-du-meeting-dun-candidat-a-la-presidentielle-dementi-et-precisions-de-la-dgsn\/","title":{"rendered":"Interdiction de la couverture m\u00e9diatique du meeting d\u2019un candidat \u00e0 la pr\u00e9sidentielle :  D\u00e9menti et pr\u00e9cisions  de la DGSN"},"content":{"rendered":"<p>La Direction G\u00e9n\u00e9rale de la S\u00fbret\u00e9 Nationale (DGSN) a d\u00e9menti mardi , l\u2019interdiction aux journalistes ; d\u2019acc\u00e9der \u00e0 la couverture m\u00e9diatique d\u2019un meeting anim\u00e9 par un candidat \u00e0 la Pr\u00e9sidentielle du 12 D\u00e9cembre .\u00a0<\/p>\n<p>La DGSN a pr\u00e9cis\u00e9 dans un communiqu\u00e9 , que \u00ab Trois quotidiens nationaux ont ins\u00e9r\u00e9 dans leurs livraisons du\u00a0 26 novembre 2019, des contenus calomnieux, pr\u00e9tendant que les services de Police ont\u00a0 interdit\u00a0 \u00e0 des journalistes, de couvrir \u00bb.<\/p>\n<p>La DGSN a\u00a0 assur\u00e9 que \u00ab ces propos diffamatoires sont d\u00e9nu\u00e9s de tout fondement et d\u00e9nonce le recours de certains malintentionn\u00e9s, qui usent de subterfuges incoh\u00e9rents et contraires \u00e0 toute \u00e9thique, pour tenter de troubler l\u2019ordre et perturber le d\u00e9roulement de r\u00e9unions publiques autoris\u00e9es, en se dissimulant derri\u00e8re la notori\u00e9t\u00e9 que leur conf\u00e8re leur statut professionnel ; ignorant le pr\u00e9judice caus\u00e9 tout d\u2019abord au noble m\u00e9tier qu\u2019ils alt\u00e8re et, ensuite, \u00e0 un droit du citoyen consacr\u00e9 par la Constitution \u00bb.\u00a0<\/p>\n<p>La DGSN a tenu \u00e0 de souligner que la S\u00fbret\u00e9 Nationale en tant qu\u2019institution R\u00e9publicaine \u00ab agit conform\u00e9ment aux dispositions l\u00e9gales en vigueur, en particulier celles r\u00e9gissant les dispositifs de protection des personnes et des biens, \u00e0 l\u2019occasion des rassemblements et r\u00e9unions publiques, en veillant \u00e0 la s\u00e9curit\u00e9 des p\u00e9rim\u00e8tres imm\u00e9diats des infrastructures et salles d\u00e9di\u00e9es, ainsi qu\u2019\u00e0 celle des animateurs et publics concern\u00e9s ; Toutefois, le service d\u2019ordre \u00e0 l\u2019int\u00e9rieur de ces lieux demeure de la comp\u00e9tence des organisateurs desdites activit\u00e9s \u00bb.<br \/>NB<br \/>\u00a0<\/p>\n<p>Auteur: elmoudjahid<br \/>\n<a href=\"http:\/\/www.elmoudjahid.com\/fr\/actualites\/144992\">Cliquez ici pour lire l&rsquo;article depuis sa source.<\/a><\/p>\n","protected":false},"excerpt":{"rendered":"<p>La Direction G\u00e9n\u00e9rale de la S\u00fbret\u00e9 Nationale (DGSN) a d\u00e9menti mardi , l\u2019interdiction aux journalistes ; d\u2019acc\u00e9der \u00e0 la couverture m\u00e9diatique d\u2019un meeting anim\u00e9 par un candidat \u00e0 la Pr\u00e9sidentielle du 12 D\u00e9cembre .\u00a0 La DGSN a pr\u00e9cis\u00e9 dans un communiqu\u00e9 , que \u00ab Trois quotidiens nationaux ont ins\u00e9r\u00e9 dans leurs livraisons du\u00a0 26 novembre [&hellip;]<\/p>\n","protected":false},"author":1744,"featured_media":0,"comment_status":"closed","ping_status":"closed","sticky":false,"template":"","format":"standard","meta":{"fifu_image_url":"","fifu_image_alt":"","footnotes":""},"categories":[73,53],"tags":[],"class_list":["post-68624","post","type-post","status-publish","format-standard","hentry","category-actualite","category-algerie"],"_links":{"self":[{"href":"https:\/\/linitiative.ca\/International\/wp-json\/wp\/v2\/posts\/68624","targetHints":{"allow":["GET"]}}],"collection":[{"href":"https:\/\/linitiative.ca\/International\/wp-json\/wp\/v2\/posts"}],"about":[{"href":"https:\/\/linitiative.ca\/International\/wp-json\/wp\/v2\/types\/post"}],"author":[{"embeddable":true,"href":"https:\/\/linitiative.ca\/International\/wp-json\/wp\/v2\/users\/1744"}],"replies":[{"embeddable":true,"href":"https:\/\/linitiative.ca\/International\/wp-json\/wp\/v2\/comments?post=68624"}],"version-history":[{"count":0,"href":"https:\/\/linitiative.ca\/International\/wp-json\/wp\/v2\/posts\/68624\/revisions"}],"wp:attachment":[{"href":"https:\/\/linitiative.ca\/International\/wp-json\/wp\/v2\/media?parent=68624"}],"wp:term":[{"taxonomy":"category","embeddable":true,"href":"https:\/\/linitiative.ca\/International\/wp-json\/wp\/v2\/categories?post=68624"},{"taxonomy":"post_tag","embeddable":true,"href":"https:\/\/linitiative.ca\/International\/wp-json\/wp\/v2\/tags?post=68624"}],"curies":[{"name":"wp","href":"https:\/\/api.w.org\/{rel}","templated":true}]}}