{"id":68625,"date":"2019-11-26T07:00:30","date_gmt":"2019-11-26T12:00:30","guid":{"rendered":"https:\/\/linitiative.ca\/International\/98039-mercato-d-hiver-la-periode-d-enregistrement-du-20-decembre-au-19-janvier\/"},"modified":"2019-11-26T07:00:30","modified_gmt":"2019-11-26T12:00:30","slug":"98039-mercato-d-hiver-la-periode-d-enregistrement-du-20-decembre-au-19-janvier","status":"publish","type":"post","link":"https:\/\/linitiative.ca\/International\/98039-mercato-d-hiver-la-periode-d-enregistrement-du-20-decembre-au-19-janvier\/","title":{"rendered":"Mercato d&rsquo;hiver: la p\u00e9riode d&rsquo;enregistrement du 20 d\u00e9cembre au 19 janvier"},"content":{"rendered":"<div>\n<div class=\"K2FeedImage\"><img decoding=\"async\" src=\"http:\/\/www.aps.dz\/media\/k2\/items\/cache\/e8901717c40c88e14a65863f6a68aa56_S.jpg\" alt=\"Mercato d'hiver: la p\u00e9riode d'enregistrement du 20 d\u00e9cembre au 19 janvier\"><\/div>\n<div class=\"K2FeedIntroText\">\n<p><strong>ALGER &#8211; La p\u00e9riode hivernale d\u2019enregistrement des mouvements des joueurs de l&rsquo;ensemble des Ligues de football est fix\u00e9e du vendredi 20 d\u00e9cembre 2019 au dimanche 19 janvier 2020, a annonc\u00e9 la F\u00e9d\u00e9ration alg\u00e9rienne (FAF) mardi sur son site officiel.<\/strong><\/p>\n<\/div>\n<div class=\"K2FeedFullText\">\n<p>\u00ab\u00a0Cette p\u00e9riode est valable pour toutes les Ligues, hormis la Ligue de futsal\u00a0\u00bb, pr\u00e9cise l&rsquo;instance f\u00e9d\u00e9rale.<\/p>\n<p>La FAF souligne que \u00ab\u00a0les nouvelles recrues durant cette p\u00e9riode ne peuvent en aucun cas prendre part aux rencontres de la phase aller du championnat, mais peuvent participer aux matchs de Coupe d\u2019Alg\u00e9rie\u00a0\u00bb.<\/p>\n<p>Chaque club pourra engager jusqu&rsquo;\u00e0 trois joueurs, conform\u00e9ment \u00e0 la r\u00e9glementation en vigueur.<\/p>\n<p>Par ailleurs, le Bureau f\u00e9d\u00e9ral de la FAF a accord\u00e9 une d\u00e9rogation au MO B\u00e9ja\u00efa (Ligue 2) pour pouvoir disposer d\u2019une nouvelle licence, sans la r\u00e9siliation du contrat de son joueur Abderrazak Belal, gravement bless\u00e9 lors d\u2019une s\u00e9ance d\u2019entra\u00eenement et dont la saison est d&rsquo;ores et d\u00e9j\u00e0 termin\u00e9e.<\/p>\n<p>\u00ab\u00a0Cette d\u00e9rogation est subordonn\u00e9e \u00e0 un examen-expertise du cas de ce joueur par le m\u00e9decin f\u00e9d\u00e9ral de la FAF\u00a0\u00bb, pr\u00e9cise toutefois la m\u00eame source.<\/p>\n<\/div>\n<p><img loading=\"lazy\" decoding=\"async\" src=\"http:\/\/feeds.feedburner.com\/~r\/aps-sport\/~4\/VUjZdIxE7fA\" height=\"1\" width=\"1\" alt=\"\"><\/div>\n<p>Auteur:<br \/>\n<a href=\"http:\/\/www.aps.dz\/sport\/98039-mercato-d-hiver-la-periode-d-enregistrement-du-20-decembre-au-19-janvier?utm_source=feedburner&#038;utm_medium=feed&#038;utm_campaign=Feed%3A+aps-sport+%28APS+-+SPORT%29\">Cliquez ici pour lire l&rsquo;article depuis sa source.<\/a><\/p>\n","protected":false},"excerpt":{"rendered":"<p>ALGER &#8211; La p\u00e9riode hivernale d\u2019enregistrement des mouvements des joueurs de l&rsquo;ensemble des Ligues de football est fix\u00e9e du vendredi 20 d\u00e9cembre 2019 au dimanche 19 janvier 2020, a annonc\u00e9 la F\u00e9d\u00e9ration alg\u00e9rienne (FAF) mardi sur son site officiel. \u00ab\u00a0Cette p\u00e9riode est valable pour toutes les Ligues, hormis la Ligue de futsal\u00a0\u00bb, pr\u00e9cise l&rsquo;instance f\u00e9d\u00e9rale. [&hellip;]<\/p>\n","protected":false},"author":1790,"featured_media":68626,"comment_status":"closed","ping_status":"closed","sticky":false,"template":"","format":"standard","meta":{"fifu_image_url":"","fifu_image_alt":"","footnotes":""},"categories":[53,75],"tags":[],"class_list":["post-68625","post","type-post","status-publish","format-standard","has-post-thumbnail","hentry","category-algerie","category-sport"],"_links":{"self":[{"href":"https:\/\/linitiative.ca\/International\/wp-json\/wp\/v2\/posts\/68625","targetHints":{"allow":["GET"]}}],"collection":[{"href":"https:\/\/linitiative.ca\/International\/wp-json\/wp\/v2\/posts"}],"about":[{"href":"https:\/\/linitiative.ca\/International\/wp-json\/wp\/v2\/types\/post"}],"author":[{"embeddable":true,"href":"https:\/\/linitiative.ca\/International\/wp-json\/wp\/v2\/users\/1790"}],"replies":[{"embeddable":true,"href":"https:\/\/linitiative.ca\/International\/wp-json\/wp\/v2\/comments?post=68625"}],"version-history":[{"count":0,"href":"https:\/\/linitiative.ca\/International\/wp-json\/wp\/v2\/posts\/68625\/revisions"}],"wp:featuredmedia":[{"embeddable":true,"href":"https:\/\/linitiative.ca\/International\/wp-json\/"}],"wp:attachment":[{"href":"https:\/\/linitiative.ca\/International\/wp-json\/wp\/v2\/media?parent=68625"}],"wp:term":[{"taxonomy":"category","embeddable":true,"href":"https:\/\/linitiative.ca\/International\/wp-json\/wp\/v2\/categories?post=68625"},{"taxonomy":"post_tag","embeddable":true,"href":"https:\/\/linitiative.ca\/International\/wp-json\/wp\/v2\/tags?post=68625"}],"curies":[{"name":"wp","href":"https:\/\/api.w.org\/{rel}","templated":true}]}}