{"id":68628,"date":"2019-11-26T10:20:00","date_gmt":"2019-11-26T15:20:00","guid":{"rendered":"https:\/\/linitiative.ca\/International\/presidentielle-le-porte-parole-de-belaid-plaide-pour-un-dialogue-inclusif\/"},"modified":"2019-11-26T10:20:00","modified_gmt":"2019-11-26T15:20:00","slug":"presidentielle-le-porte-parole-de-belaid-plaide-pour-un-dialogue-inclusif","status":"publish","type":"post","link":"https:\/\/linitiative.ca\/International\/presidentielle-le-porte-parole-de-belaid-plaide-pour-un-dialogue-inclusif\/","title":{"rendered":"PRESIDENTIELLE  : Le porte-parole de Belaid plaide pour  un dialogue inclusif"},"content":{"rendered":"<p><br id=\"sep_para_1\" class=\"sep_para access\"\/><\/p>\n<div id=\"para_1\" class=\"para_34212715 resize\">\n<div class=\"texte access firstletter\">Pour le porte-parole du candidat Abdelaziz Belaid \u00e0 la pr\u00e9sidentielle du 12 d\u00e9cembre prochain, l\u2019Alg\u00e9rie ne pourra se lib\u00e9rer de sa crise \u00ab multidimensionnelle \u00bb, sans passer par des \u00e9lections \u00ab aussi transparentes que possible \u00bb.\u00a0 S\u2019exprimant, mardi, \u00e0 l\u2019\u00e9mission L\u2019invit\u00e9 de la r\u00e9daction de la chaine 3 de la Radio Alg\u00e9rienne, M. Mustapha Haddam estime que seul un pr\u00e9sident l\u00e9gitime, dont il souligne qu\u2019il s&rsquo;agira de limiter certaines des pr\u00e9rogatives, est \u00e0 m\u00eame d\u2019entreprendre les chantiers visant \u00e0 att\u00e9nuer les effets des \u00ab crises successives \u00bb qu&rsquo;a eu \u00e0 traverser le pays.\u00a0\u00a0 Reprenant les propos du candidat qu\u2019il repr\u00e9sente, il juge que, \u00ab ni un parti politique, un programme ou un seul homme \u00bb, ne peuvent contribuer \u00e0 sortir l\u2019Alg\u00e9rie de la difficile situation dans laquelle elle se trouve enfonc\u00e9e. Pour lui, seul un processus impliquant tous les Alg\u00e9riens, au titre d\u2019un \u00ab dialogue inclusif \u00bb, pourrait r\u00e9ussir ce pari. Contrairement aux scrutins pr\u00e9c\u00e9dents, o\u00f9, d\u00e9clare-t-il, des candidats jouaient le r\u00f4le de \u00ab li\u00e8vre \u00bb, M. Haddam note qu\u2019il a, depuis, \u00e9t\u00e9 fait un \u00ab pas en avant \u00bb permettant, d\u00e9sormais, l\u2019organisation d\u2019\u00e9lections \u00ab propres et transparentes, autant que pouvoir se peut \u00bb. Expliquant la n\u00e9cessit\u00e9, apr\u00e8s les \u00e9lections du 12 d\u00e9cembre prochain, d\u2019en passer prioritairement par la refonte de la Constitution, il pr\u00e9vient du risque d\u2019organiser les prochaines l\u00e9gislatives avec les m\u00eames instruments l\u00e9gislatifs relatifs et de \u00ab prolonger, ainsi, la vie du r\u00e9gime \u00bb. Du dialogue que le parti de M. Abdelaziz Belaid entend inaugurer avec les autres formations politiques, son repr\u00e9sentant pr\u00e9cise qu\u2019il le m\u00e8nera avec tous, \u00e0 l&rsquo;exception, dit-il, de ceux exclus \u00ab parce qu&rsquo;ils ont perdu leurs droits civiques et politiques \u00bb.\u00a0\u00a0\u00a0<\/div>\n<\/div>\n<p>Auteur: Nadine<br \/>\n<a href=\"https:\/\/www.reflexiondz.net\/PRESIDENTIELLE-Le-porte-parole-de-Belaid-plaide-pour-un-dialogue-inclusif_a59044.html\">Cliquez ici pour lire l&rsquo;article depuis sa source.<\/a><\/p>\n","protected":false},"excerpt":{"rendered":"<p>Pour le porte-parole du candidat Abdelaziz Belaid \u00e0 la pr\u00e9sidentielle du 12 d\u00e9cembre prochain, l\u2019Alg\u00e9rie ne pourra se lib\u00e9rer de sa crise \u00ab multidimensionnelle \u00bb, sans passer par des \u00e9lections \u00ab aussi transparentes que possible \u00bb.\u00a0 S\u2019exprimant, mardi, \u00e0 l\u2019\u00e9mission L\u2019invit\u00e9 de la r\u00e9daction de la chaine 3 de la Radio Alg\u00e9rienne, M. Mustapha Haddam [&hellip;]<\/p>\n","protected":false},"author":1740,"featured_media":0,"comment_status":"closed","ping_status":"closed","sticky":false,"template":"","format":"standard","meta":{"fifu_image_url":"","fifu_image_alt":"","footnotes":""},"categories":[53,76],"tags":[],"class_list":["post-68628","post","type-post","status-publish","format-standard","hentry","category-algerie","category-regions"],"_links":{"self":[{"href":"https:\/\/linitiative.ca\/International\/wp-json\/wp\/v2\/posts\/68628","targetHints":{"allow":["GET"]}}],"collection":[{"href":"https:\/\/linitiative.ca\/International\/wp-json\/wp\/v2\/posts"}],"about":[{"href":"https:\/\/linitiative.ca\/International\/wp-json\/wp\/v2\/types\/post"}],"author":[{"embeddable":true,"href":"https:\/\/linitiative.ca\/International\/wp-json\/wp\/v2\/users\/1740"}],"replies":[{"embeddable":true,"href":"https:\/\/linitiative.ca\/International\/wp-json\/wp\/v2\/comments?post=68628"}],"version-history":[{"count":0,"href":"https:\/\/linitiative.ca\/International\/wp-json\/wp\/v2\/posts\/68628\/revisions"}],"wp:attachment":[{"href":"https:\/\/linitiative.ca\/International\/wp-json\/wp\/v2\/media?parent=68628"}],"wp:term":[{"taxonomy":"category","embeddable":true,"href":"https:\/\/linitiative.ca\/International\/wp-json\/wp\/v2\/categories?post=68628"},{"taxonomy":"post_tag","embeddable":true,"href":"https:\/\/linitiative.ca\/International\/wp-json\/wp\/v2\/tags?post=68628"}],"curies":[{"name":"wp","href":"https:\/\/api.w.org\/{rel}","templated":true}]}}