{"id":68629,"date":"2019-11-26T10:21:00","date_gmt":"2019-11-26T15:21:00","guid":{"rendered":"https:\/\/linitiative.ca\/International\/mobilis-elargit-son-reseau-au-mali\/"},"modified":"2019-11-26T10:21:00","modified_gmt":"2019-11-26T15:21:00","slug":"mobilis-elargit-son-reseau-au-mali","status":"publish","type":"post","link":"https:\/\/linitiative.ca\/International\/mobilis-elargit-son-reseau-au-mali\/","title":{"rendered":"Mobilis \u00e9largit son r\u00e9seau au Mali ?"},"content":{"rendered":"<p><br id=\"sep_para_1\" class=\"sep_para access\"\/><\/p>\n<div id=\"para_1\" class=\"para_34212747 resize\">\n<div class=\"texte access firstletter\">L\u2019op\u00e9rateur historique Mobilis est sur le point de remporter la course pour la 4\u00e8me licence de t\u00e9l\u00e9phonie mobile au Mali, a r\u00e9v\u00e9l\u00e9, hier, le site bourse-dz. La source a rapport\u00e9 les aspects de cette offre alg\u00e9rienne, devenue l\u2019objet d\u2019une guerre sans merci men\u00e9e par les r\u00e9seaux fran\u00e7ais aussi bien au Mali qu\u2019en Alg\u00e9rie. Mobilis est en fait en comp\u00e9tition avec le groupement malien, Bintel\/Koira, dirig\u00e9 par Cess\u00e9 Kom\u00e9 qui est tr\u00e8s appuy\u00e9 par les r\u00e9seaux franco-marocains qui veulent emp\u00eacher l\u2019op\u00e9rateur alg\u00e9rien d\u2019acc\u00e9der \u00e0 ce pays voisin.<br \/>Mobilis a pass\u00e9 ais\u00e9ment le cap de la phase technique en \u00e9tant plac\u00e9 en t\u00eate de la short-list des concurrents. En revanche, beaucoup de r\u00e9serves ont \u00e9t\u00e9 \u00e9mises sur le groupement malien qui n\u2019a d\u00e9ploy\u00e9 aucun r\u00e9seau. Mobilis a avanc\u00e9 comme argument, le fait qu\u2019il est leader maghr\u00e9bin avec plus de 20 millions de clients, ce qui est l\u2019\u00e9quivalent de toute la population malienne. Le cahier de charges a \u00e9t\u00e9 \u00e9labor\u00e9 par l\u2019Autorit\u00e9 malienne de r\u00e9gulation des t\u00e9l\u00e9communications\/TIC et postes (AMRTP). Une Commission compos\u00e9e de 14 membres issus de diff\u00e9rents d\u00e9partements minist\u00e9riels et services techniques a \u00e9t\u00e9 mise en place afin de travailler sur les offres pour l\u2019octroi pour cette 4e licence. Mobilis est parti \u00e0 la conqu\u00eate de l\u2019Afrique avec des arguments solides: 4 c\u00e2bles internationaux, pouvant g\u00e9n\u00e9rer 10 Terras pour Oraval \/ alval , 4,4 Terras pour le MEDEX et 1 Terra pour Seweme4. D\u00e8s le lancement du c\u00e2ble Orval, l\u2019Alg\u00e9rie aura une capacit\u00e9 de 15,4 Terrra bit\/seconde. En somme , l\u2019Alg\u00e9rie a les capacit\u00e9s d\u2019alimenter tous les pays du Sahel avec des prix ,4 fois moins chers que ceux pratiqu\u00e9s sur les marches de cette r\u00e9gion. L\u2019offre alg\u00e9rienne comporte en ce sens, la connexion \u00e0 travers un c\u00e2ble qui va relier le r\u00e9seau national \u00e0 Nouakchott (Mauritanie) sur 800 kilom\u00e8tres et une autre connexion sur 400 kilom\u00e8tres pour atteindre la capitale malienne, Bamako. Un projet de 1200 km, r\u00e9alisable sur une dur\u00e9e de quelques mois seulement. Mais, les concurrents maliens proposent un c\u00e2ble en provenance de Marseille qui va traverser le Maroc, puis le S\u00e9n\u00e9gal pour atterrir enfin \u00e0 Bamako, soit une distance de 8700 kilom\u00e8tres.<br \/>Mais la peur que l\u2019Alg\u00e9rie baisse les prix de la data, au profit des Maliens et offrir ainsi plus de possibilit\u00e9 de connectivit\u00e9 et r\u00e9duire le gap technologique, risque de saborder les prix prohibitifs appliqu\u00e9s par le conglom\u00e9rat franco-marocain au d\u00e9triment du peuple malien, a estim\u00e9 la m\u00eame source.<\/div>\n<\/div>\n<p>Auteur: R\u00e9flexion<br \/>\n<a href=\"https:\/\/www.reflexiondz.net\/Mobilis-elargit-son-reseau-au-Mali_a59049.html\">Cliquez ici pour lire l&rsquo;article depuis sa source.<\/a><\/p>\n","protected":false},"excerpt":{"rendered":"<p>L\u2019op\u00e9rateur historique Mobilis est sur le point de remporter la course pour la 4\u00e8me licence de t\u00e9l\u00e9phonie mobile au Mali, a r\u00e9v\u00e9l\u00e9, hier, le site bourse-dz. La source a rapport\u00e9 les aspects de cette offre alg\u00e9rienne, devenue l\u2019objet d\u2019une guerre sans merci men\u00e9e par les r\u00e9seaux fran\u00e7ais aussi bien au Mali qu\u2019en Alg\u00e9rie. Mobilis est [&hellip;]<\/p>\n","protected":false},"author":1740,"featured_media":0,"comment_status":"closed","ping_status":"closed","sticky":false,"template":"","format":"standard","meta":{"fifu_image_url":"","fifu_image_alt":"","footnotes":""},"categories":[53,76],"tags":[],"class_list":["post-68629","post","type-post","status-publish","format-standard","hentry","category-algerie","category-regions"],"_links":{"self":[{"href":"https:\/\/linitiative.ca\/International\/wp-json\/wp\/v2\/posts\/68629","targetHints":{"allow":["GET"]}}],"collection":[{"href":"https:\/\/linitiative.ca\/International\/wp-json\/wp\/v2\/posts"}],"about":[{"href":"https:\/\/linitiative.ca\/International\/wp-json\/wp\/v2\/types\/post"}],"author":[{"embeddable":true,"href":"https:\/\/linitiative.ca\/International\/wp-json\/wp\/v2\/users\/1740"}],"replies":[{"embeddable":true,"href":"https:\/\/linitiative.ca\/International\/wp-json\/wp\/v2\/comments?post=68629"}],"version-history":[{"count":0,"href":"https:\/\/linitiative.ca\/International\/wp-json\/wp\/v2\/posts\/68629\/revisions"}],"wp:attachment":[{"href":"https:\/\/linitiative.ca\/International\/wp-json\/wp\/v2\/media?parent=68629"}],"wp:term":[{"taxonomy":"category","embeddable":true,"href":"https:\/\/linitiative.ca\/International\/wp-json\/wp\/v2\/categories?post=68629"},{"taxonomy":"post_tag","embeddable":true,"href":"https:\/\/linitiative.ca\/International\/wp-json\/wp\/v2\/tags?post=68629"}],"curies":[{"name":"wp","href":"https:\/\/api.w.org\/{rel}","templated":true}]}}