{"id":68630,"date":"2019-11-26T10:22:00","date_gmt":"2019-11-26T15:22:00","guid":{"rendered":"https:\/\/linitiative.ca\/International\/le-directeur-de-campagne-de-tebboune-hospitalise\/"},"modified":"2019-11-26T10:22:00","modified_gmt":"2019-11-26T15:22:00","slug":"le-directeur-de-campagne-de-tebboune-hospitalise","status":"publish","type":"post","link":"https:\/\/linitiative.ca\/International\/le-directeur-de-campagne-de-tebboune-hospitalise\/","title":{"rendered":"Le directeur de campagne de Tebboune hospitalis\u00e9 !"},"content":{"rendered":"<p><br id=\"sep_para_1\" class=\"sep_para access\"\/><\/p>\n<div id=\"para_1\" class=\"para_34212759 resize\">\n<div class=\"texte access firstletter\">A peine une semaine, install\u00e9 \u00e0 la t\u00eate de la direction du candidat \u00e0 la pr\u00e9sidentielle Abdelmadjid Tebboune, Lamine Messa\u00efd nouveau directeur de la campagne de Tebboune en remplacement de Abdallah Baali qui a d\u00e9missionn\u00e9 de son poste, a \u00e9t\u00e9 hospitalis\u00e9 en urgence, ce lundi 25 novembre, suite \u00e0 un malaise. En effet, selon le site d\u2019information arabophone Ennahar Online qui rapporte l\u2019information, le directeur de campagne du candidat ind\u00e9pendant a \u00e9t\u00e9 transport\u00e9 en urgence \u00e0 la clinique Al-Azhar, sise \u00e0 D\u00e9ly Ibrahim.Mohamed. Lamine Messa\u00efd se trouve actuellement \u00e0 salle de r\u00e9animation, pr\u00e9cise la source.<\/div>\n<\/div>\n<p>Auteur: R\u00e9flexion<br \/>\n<a href=\"https:\/\/www.reflexiondz.net\/Le-directeur-de-campagne-de-Tebboune-hospitalise-_a59052.html\">Cliquez ici pour lire l&rsquo;article depuis sa source.<\/a><\/p>\n","protected":false},"excerpt":{"rendered":"<p>A peine une semaine, install\u00e9 \u00e0 la t\u00eate de la direction du candidat \u00e0 la pr\u00e9sidentielle Abdelmadjid Tebboune, Lamine Messa\u00efd nouveau directeur de la campagne de Tebboune en remplacement de Abdallah Baali qui a d\u00e9missionn\u00e9 de son poste, a \u00e9t\u00e9 hospitalis\u00e9 en urgence, ce lundi 25 novembre, suite \u00e0 un malaise. En effet, selon le [&hellip;]<\/p>\n","protected":false},"author":1740,"featured_media":0,"comment_status":"closed","ping_status":"closed","sticky":false,"template":"","format":"standard","meta":{"fifu_image_url":"","fifu_image_alt":"","footnotes":""},"categories":[53,76],"tags":[],"class_list":["post-68630","post","type-post","status-publish","format-standard","hentry","category-algerie","category-regions"],"_links":{"self":[{"href":"https:\/\/linitiative.ca\/International\/wp-json\/wp\/v2\/posts\/68630","targetHints":{"allow":["GET"]}}],"collection":[{"href":"https:\/\/linitiative.ca\/International\/wp-json\/wp\/v2\/posts"}],"about":[{"href":"https:\/\/linitiative.ca\/International\/wp-json\/wp\/v2\/types\/post"}],"author":[{"embeddable":true,"href":"https:\/\/linitiative.ca\/International\/wp-json\/wp\/v2\/users\/1740"}],"replies":[{"embeddable":true,"href":"https:\/\/linitiative.ca\/International\/wp-json\/wp\/v2\/comments?post=68630"}],"version-history":[{"count":0,"href":"https:\/\/linitiative.ca\/International\/wp-json\/wp\/v2\/posts\/68630\/revisions"}],"wp:attachment":[{"href":"https:\/\/linitiative.ca\/International\/wp-json\/wp\/v2\/media?parent=68630"}],"wp:term":[{"taxonomy":"category","embeddable":true,"href":"https:\/\/linitiative.ca\/International\/wp-json\/wp\/v2\/categories?post=68630"},{"taxonomy":"post_tag","embeddable":true,"href":"https:\/\/linitiative.ca\/International\/wp-json\/wp\/v2\/tags?post=68630"}],"curies":[{"name":"wp","href":"https:\/\/api.w.org\/{rel}","templated":true}]}}