{"id":68631,"date":"2019-11-26T10:22:00","date_gmt":"2019-11-26T15:22:00","guid":{"rendered":"https:\/\/linitiative.ca\/International\/khiati-accuse-gravement-djamel-ould-abbes\/"},"modified":"2019-11-26T10:22:00","modified_gmt":"2019-11-26T15:22:00","slug":"khiati-accuse-gravement-djamel-ould-abbes","status":"publish","type":"post","link":"https:\/\/linitiative.ca\/International\/khiati-accuse-gravement-djamel-ould-abbes\/","title":{"rendered":"Khiati accuse gravement Djamel Ould Abb\u00e8s"},"content":{"rendered":"<p><br id=\"sep_para_1\" class=\"sep_para access\"\/><\/p>\n<div id=\"para_1\" class=\"para_34212756 resize\">\n<div class=\"texte access firstletter\">Le Pr Mustapha Khiati, pr\u00e9sident de la Fondation nationale pour la promotion de la sant\u00e9 et le d\u00e9veloppement de la recherche (FOREM) a imput\u00e9 \u00e0 l\u2019ancien ministre de la Solidarit\u00e9 nationale, Djamel Ould Abb\u00e8s, actuellement en prison,\u00a0 la responsabilit\u00e9 de la disparition du dossier relatif au recensement des enfants et des femmes des terroristes repentis. Le Pr Khiati a indiqu\u00e9 en marge d\u2019une conf\u00e9rence de presse organis\u00e9e par la DGSN, \u00e0 Alger, que \u00abl\u2019ancien ministre de la Solidarit\u00e9 nationale avait entrav\u00e9 la divulgation des contenus et les statistiques \u00e9tablies au sujet des enfants des terroristes repentis \u00bb. le pr\u00e9sident du Forem a d\u00e9clar\u00e9\u00a0 que \u00abDjamel Ould Abb\u00e8s avait pes\u00e9 de tout son poids pour mettre en \u00e9chec le projet portant la \u201ckafala\u201d des orphelins, dont son Organisation et le Croissant rouge \u00e9mirati ont convenu de r\u00e9aliser, comme il (Ould Abb\u00e8s) a sabord\u00e9 un projet de r\u00e9alisation d\u2019un centre de qualification au profit des jeunes de Ouargla, dont l\u2019encadrement devait \u00eatre assur\u00e9 par le Forem en collaboration avec une soci\u00e9t\u00e9 p\u00e9troli\u00e8re am\u00e9ricano-britannique -implant\u00e9e dans la wilaya- financ\u00e9e \u00e0 hauteur de 1 million de dollars\u00bb.<\/div>\n<\/div>\n<p>Auteur: R\u00e9flexion<br \/>\n<a href=\"https:\/\/www.reflexiondz.net\/Khiati-accuse-gravement-Djamel-Ould-Abbes_a59051.html\">Cliquez ici pour lire l&rsquo;article depuis sa source.<\/a><\/p>\n","protected":false},"excerpt":{"rendered":"<p>Le Pr Mustapha Khiati, pr\u00e9sident de la Fondation nationale pour la promotion de la sant\u00e9 et le d\u00e9veloppement de la recherche (FOREM) a imput\u00e9 \u00e0 l\u2019ancien ministre de la Solidarit\u00e9 nationale, Djamel Ould Abb\u00e8s, actuellement en prison,\u00a0 la responsabilit\u00e9 de la disparition du dossier relatif au recensement des enfants et des femmes des terroristes repentis. [&hellip;]<\/p>\n","protected":false},"author":1740,"featured_media":0,"comment_status":"closed","ping_status":"closed","sticky":false,"template":"","format":"standard","meta":{"fifu_image_url":"","fifu_image_alt":"","footnotes":""},"categories":[53,76],"tags":[],"class_list":["post-68631","post","type-post","status-publish","format-standard","hentry","category-algerie","category-regions"],"_links":{"self":[{"href":"https:\/\/linitiative.ca\/International\/wp-json\/wp\/v2\/posts\/68631","targetHints":{"allow":["GET"]}}],"collection":[{"href":"https:\/\/linitiative.ca\/International\/wp-json\/wp\/v2\/posts"}],"about":[{"href":"https:\/\/linitiative.ca\/International\/wp-json\/wp\/v2\/types\/post"}],"author":[{"embeddable":true,"href":"https:\/\/linitiative.ca\/International\/wp-json\/wp\/v2\/users\/1740"}],"replies":[{"embeddable":true,"href":"https:\/\/linitiative.ca\/International\/wp-json\/wp\/v2\/comments?post=68631"}],"version-history":[{"count":0,"href":"https:\/\/linitiative.ca\/International\/wp-json\/wp\/v2\/posts\/68631\/revisions"}],"wp:attachment":[{"href":"https:\/\/linitiative.ca\/International\/wp-json\/wp\/v2\/media?parent=68631"}],"wp:term":[{"taxonomy":"category","embeddable":true,"href":"https:\/\/linitiative.ca\/International\/wp-json\/wp\/v2\/categories?post=68631"},{"taxonomy":"post_tag","embeddable":true,"href":"https:\/\/linitiative.ca\/International\/wp-json\/wp\/v2\/tags?post=68631"}],"curies":[{"name":"wp","href":"https:\/\/api.w.org\/{rel}","templated":true}]}}