{"id":68644,"date":"2019-11-26T11:32:14","date_gmt":"2019-11-26T16:32:14","guid":{"rendered":"https:\/\/linitiative.ca\/International\/majid-el-bouzzaoui-medaille-dor-a-linfoinvent-2019-en-moldavie\/"},"modified":"2019-11-26T11:32:14","modified_gmt":"2019-11-26T16:32:14","slug":"majid-el-bouzzaoui-medaille-dor-a-linfoinvent-2019-en-moldavie","status":"publish","type":"post","link":"https:\/\/linitiative.ca\/International\/majid-el-bouzzaoui-medaille-dor-a-linfoinvent-2019-en-moldavie\/","title":{"rendered":"Majid El Bouzzaoui m\u00e9daill\u00e9 d\u2019or \u00e0 l\u2019INFOINVENT-2019, en Moldavie"},"content":{"rendered":"<p><strong>L\u2019inventeur marocain Majid El Bouzzaoui a d\u00e9croch\u00e9 la m\u00e9daille d\u2019or lors de la 16\u00e8me \u00e9dition du Salon international des inventions (INFOINVENT-2019), tenue du 20 au 23 novembre en Moldavie.<\/strong><\/p>\n<div class=\"c10\"\/>\n<p>L\u2019invention prim\u00e9e r\u00e9sout un probl\u00e8me bloquant dans l\u2019exploitation des r\u00e9seaux de t\u00e9l\u00e9coms \u00e0 travers la 5G et autres technologies futures, au niveau de la num\u00e9risation de donn\u00e9es \u00e0 transmettre, qui est la premi\u00e8re \u00e9tape dans le processus de t\u00e9l\u00e9communication entre deux utilisateurs, car les informations ne sont pas disponibles au format num\u00e9rique dans l\u2019environnement r\u00e9el (voix, images, temp\u00e9rature et autres grandeurs physiques), indique mardi un communiqu\u00e9 de l\u2019association marocaine OFEED, pr\u00e9sid\u00e9e par l\u2019inventeur Majid El Bouazzaoui. Cette \u00e9tape de num\u00e9risation a donc un impact direct sur la vitesse de transmission, quelle que soit la technologie utilis\u00e9e sur le r\u00e9seau de t\u00e9l\u00e9communication, car la rapidit\u00e9 du r\u00e9seau de t\u00e9l\u00e9coms 5G n\u2019a aucun int\u00e9r\u00eat si les donn\u00e9es \u00e0 transmettre ne sont pas disponibles avec la m\u00eame cadence, explique-t-on.<\/p>\n<p>Avec l\u2019arriv\u00e9e de la 5G, ajoute le communiqu\u00e9, la num\u00e9risation avec les technologies actuelles ne suffit plus pour atteindre le niveau de vitesse requis, faisant savoir que l\u2019invention marocaine permet donc de num\u00e9riser les informations \u00e0 transmettre beaucoup plus rapidement en r\u00e9duisant le nombre de transistors utilis\u00e9s, ce qui permet d\u2019acc\u00e9l\u00e9rer la transmission de donn\u00e9es sur les r\u00e9seaux de t\u00e9l\u00e9communication 5G et au-del\u00e0. Organis\u00e9e par l\u2019Agence moldave pour la propri\u00e9t\u00e9 intellectuelle (AGEPI), INFOINVENT-2019 a connu la participation de plus de mille inventions originaires de plus de 30 pays.<\/p>\n<p>L\u2019invention marocaine prim\u00e9e a d\u00e9j\u00e0 permis au Royaume de d\u00e9crocher une m\u00e9daille d\u2019or et le Grand prix au concours international de l\u2019invention iCAN-2019 au Canada, ainsi qu\u2019une m\u00e9daille d\u2019Or \u00e0 la Foire internationale des inventions \u00e0 Istanbul (ISIF-2019), rappelle l\u2019association OFEED.<\/p>\n<div class=\"c17\">\n<fieldset class=\"c16\">\n<legend><strong><span class=\"c11\">Challenge<\/span><span class=\"c12\">news<\/span><\/strong><\/legend>\n<div class=\"c15\">Le meilleur de Challenge s\u00e9lectionn\u00e9 par la r\u00e9daction :<\/p>\n<\/div>\n<\/fieldset>\n<\/div>\n<p>Auteur: challenge<br \/>\n<a href=\"https:\/\/www.challenge.ma\/majid-el-bouzzaoui-medaille-dor-a-linfoinvent-2019-en-moldavie-124195\/\">Cliquez ici pour lire l&rsquo;article depuis sa source.<\/a><\/p>\n","protected":false},"excerpt":{"rendered":"<p>L\u2019inventeur marocain Majid El Bouzzaoui a d\u00e9croch\u00e9 la m\u00e9daille d\u2019or lors de la 16\u00e8me \u00e9dition du Salon international des inventions (INFOINVENT-2019), tenue du 20 au 23 novembre en Moldavie. L\u2019invention prim\u00e9e r\u00e9sout un probl\u00e8me bloquant dans l\u2019exploitation des r\u00e9seaux de t\u00e9l\u00e9coms \u00e0 travers la 5G et autres technologies futures, au niveau de la num\u00e9risation de [&hellip;]<\/p>\n","protected":false},"author":1787,"featured_media":0,"comment_status":"closed","ping_status":"closed","sticky":false,"template":"","format":"standard","meta":{"fifu_image_url":"","fifu_image_alt":"","footnotes":""},"categories":[78,54],"tags":[],"class_list":["post-68644","post","type-post","status-publish","format-standard","hentry","category-economie","category-maroc"],"_links":{"self":[{"href":"https:\/\/linitiative.ca\/International\/wp-json\/wp\/v2\/posts\/68644","targetHints":{"allow":["GET"]}}],"collection":[{"href":"https:\/\/linitiative.ca\/International\/wp-json\/wp\/v2\/posts"}],"about":[{"href":"https:\/\/linitiative.ca\/International\/wp-json\/wp\/v2\/types\/post"}],"author":[{"embeddable":true,"href":"https:\/\/linitiative.ca\/International\/wp-json\/wp\/v2\/users\/1787"}],"replies":[{"embeddable":true,"href":"https:\/\/linitiative.ca\/International\/wp-json\/wp\/v2\/comments?post=68644"}],"version-history":[{"count":0,"href":"https:\/\/linitiative.ca\/International\/wp-json\/wp\/v2\/posts\/68644\/revisions"}],"wp:attachment":[{"href":"https:\/\/linitiative.ca\/International\/wp-json\/wp\/v2\/media?parent=68644"}],"wp:term":[{"taxonomy":"category","embeddable":true,"href":"https:\/\/linitiative.ca\/International\/wp-json\/wp\/v2\/categories?post=68644"},{"taxonomy":"post_tag","embeddable":true,"href":"https:\/\/linitiative.ca\/International\/wp-json\/wp\/v2\/tags?post=68644"}],"curies":[{"name":"wp","href":"https:\/\/api.w.org\/{rel}","templated":true}]}}