{"id":68645,"date":"2019-11-26T12:13:47","date_gmt":"2019-11-26T17:13:47","guid":{"rendered":"https:\/\/linitiative.ca\/International\/bcij-nouvelle-arrestation-a-sale\/"},"modified":"2019-11-26T12:13:47","modified_gmt":"2019-11-26T17:13:47","slug":"bcij-nouvelle-arrestation-a-sale","status":"publish","type":"post","link":"https:\/\/linitiative.ca\/International\/bcij-nouvelle-arrestation-a-sale\/","title":{"rendered":"BCIJ : nouvelle arrestation \u00e0 Sal\u00e9"},"content":{"rendered":"<p><strong>Le suspect faisait la propagande et l\u2019apologie de l\u2019id\u00e9ologie extr\u00e9miste de l\u2019organisation dite \u00ab\u00a0\u00c9tat islamique\u00a0\u00bb via les applications et les r\u00e9seaux sociaux.<\/strong><\/p>\n<div class=\"c10\"\/>\n<p>Le Bureau central d\u2019investigations judiciaires (BCIJ) relevant de la Direction g\u00e9n\u00e9rale de la surveillance du territoire a arr\u00eat\u00e9, mardi, un extr\u00e9miste partisan de \u00ab\u00a0Daech\u00a0\u00bb s\u2019activant dans la ville de <strong>Sal\u00e9<\/strong>.<\/p>\n<p>Les investigations s\u00e9curitaires ont r\u00e9v\u00e9l\u00e9 que le suspect, \u00e2g\u00e9 de 33 ans, faisait la propagande et l\u2019apologie de l\u2019id\u00e9ologie <strong>extr\u00e9miste<\/strong> de l\u2019organisation dite \u00ab\u00a0\u00c9tat islamique\u00a0\u00bb et ce, via les applications et les r\u00e9seaux sociaux. Son but \u00e9tait de servir l\u2019agenda de \u00ab\u00a0Daech\u00a0\u00bb tout en incitait \u00e0 commettre des actes terroristes au nom de ce groupe terroriste selon le mode op\u00e9ratoire \u00ab\u00a0Loups solitaires\u00a0\u00bb, pr\u00e9cise le BCIJ.<\/p>\n<p>Lire aussi : <a href=\"https:\/\/www.challenge.ma\/le-bcij-traque-un-ressortissant-syrien-121620\/\" target=\"_blank\" rel=\"noreferrer noopener\" aria-label=\" (s\u2019ouvre dans un nouvel onglet)\">Le BCIJ traque un ressortissant syrien<\/a><\/p>\n<p>Le pr\u00e9venu a \u00e9galement diffus\u00e9 des enregistrements expliquant les m\u00e9thodes de fabrication d\u2019explosifs et de ceintures explosives, ajoute la m\u00eame source. Les investigations ont aussi r\u00e9v\u00e9l\u00e9 que le suspect, qui s\u2019appr\u00eatait \u00e0 commettre un attentat-suicide dans le royaume, \u00e9tait en contact avec des dirigeants de \u00ab\u00a0<strong>Daech\u00a0<\/strong>\u00bb et avec des sympathisants de ce groupe \u00e0 l\u2019\u00e9tranger.<\/p>\n<p>L\u2019op\u00e9ration a permis la saisie de plusieurs appareils \u00e9lectroniques, t\u00e9l\u00e9phones mobiles et armes blanches. Le mis en cause sera d\u00e9f\u00e9r\u00e9 devant la justice une fois achev\u00e9e l\u2019enqu\u00eate men\u00e9e sous la supervision du parquet comp\u00e9tent, conclut le <strong>BCIJ<\/strong>.<\/p>\n<div class=\"c17\">\n<fieldset class=\"c16\">\n<legend><strong><span class=\"c11\">Challenge<\/span><span class=\"c12\">news<\/span><\/strong><\/legend>\n<div class=\"c15\">Le meilleur de Challenge s\u00e9lectionn\u00e9 par la r\u00e9daction :<\/p>\n<\/div>\n<\/fieldset>\n<\/div>\n<p>Auteur: challenge<br \/>\n<a href=\"https:\/\/www.challenge.ma\/bcij-nouvelle-arrestation-a-sale-124189\/\">Cliquez ici pour lire l&rsquo;article depuis sa source.<\/a><\/p>\n","protected":false},"excerpt":{"rendered":"<p>Le suspect faisait la propagande et l\u2019apologie de l\u2019id\u00e9ologie extr\u00e9miste de l\u2019organisation dite \u00ab\u00a0\u00c9tat islamique\u00a0\u00bb via les applications et les r\u00e9seaux sociaux. Le Bureau central d\u2019investigations judiciaires (BCIJ) relevant de la Direction g\u00e9n\u00e9rale de la surveillance du territoire a arr\u00eat\u00e9, mardi, un extr\u00e9miste partisan de \u00ab\u00a0Daech\u00a0\u00bb s\u2019activant dans la ville de Sal\u00e9. Les investigations s\u00e9curitaires [&hellip;]<\/p>\n","protected":false},"author":1787,"featured_media":0,"comment_status":"closed","ping_status":"closed","sticky":false,"template":"","format":"standard","meta":{"fifu_image_url":"","fifu_image_alt":"","footnotes":""},"categories":[78,54],"tags":[],"class_list":["post-68645","post","type-post","status-publish","format-standard","hentry","category-economie","category-maroc"],"_links":{"self":[{"href":"https:\/\/linitiative.ca\/International\/wp-json\/wp\/v2\/posts\/68645","targetHints":{"allow":["GET"]}}],"collection":[{"href":"https:\/\/linitiative.ca\/International\/wp-json\/wp\/v2\/posts"}],"about":[{"href":"https:\/\/linitiative.ca\/International\/wp-json\/wp\/v2\/types\/post"}],"author":[{"embeddable":true,"href":"https:\/\/linitiative.ca\/International\/wp-json\/wp\/v2\/users\/1787"}],"replies":[{"embeddable":true,"href":"https:\/\/linitiative.ca\/International\/wp-json\/wp\/v2\/comments?post=68645"}],"version-history":[{"count":0,"href":"https:\/\/linitiative.ca\/International\/wp-json\/wp\/v2\/posts\/68645\/revisions"}],"wp:attachment":[{"href":"https:\/\/linitiative.ca\/International\/wp-json\/wp\/v2\/media?parent=68645"}],"wp:term":[{"taxonomy":"category","embeddable":true,"href":"https:\/\/linitiative.ca\/International\/wp-json\/wp\/v2\/categories?post=68645"},{"taxonomy":"post_tag","embeddable":true,"href":"https:\/\/linitiative.ca\/International\/wp-json\/wp\/v2\/tags?post=68645"}],"curies":[{"name":"wp","href":"https:\/\/api.w.org\/{rel}","templated":true}]}}