{"id":68653,"date":"2019-11-25T18:33:26","date_gmt":"2019-11-25T23:33:26","guid":{"rendered":"https:\/\/linitiative.ca\/International\/salon-regional-de-lartisanat-promouvoir-les-produits-locaux\/"},"modified":"2019-11-25T18:33:26","modified_gmt":"2019-11-25T23:33:26","slug":"salon-regional-de-lartisanat-promouvoir-les-produits-locaux","status":"publish","type":"post","link":"https:\/\/linitiative.ca\/International\/salon-regional-de-lartisanat-promouvoir-les-produits-locaux\/","title":{"rendered":"Salon r\u00e9gional de l\u2019artisanat: promouvoir les produits locaux"},"content":{"rendered":"<div class=\"td-post-featured-image\"><a href=\"https:\/\/i0.wp.com\/www.sidwaya.info\/wp-content\/uploads\/2019\/11\/salonarti.gif?fit=692%2C520&#038;ssl=1\" data-caption=\"\"><img loading=\"lazy\" decoding=\"async\" width=\"692\" height=\"520\" class=\"entry-thumb td-modal-image\" src=\"https:\/\/i0.wp.com\/www.sidwaya.info\/wp-content\/uploads\/2019\/11\/salonarti.gif?resize=692%2C520&#038;ssl=1\" alt=\"\" title=\"salonarti\"\/><\/a><\/div>\n<p><strong>Le ministre du Commerce, de l\u2019Industrie et de l\u2019Artisanat, Harouna Kabor\u00e9, a, officiellement, ouvert les portes de la 2e \u00e9dition du Salon r\u00e9gional de l\u2019artisanat (SARA), le vendredi 22 novembre 2019, \u00e0 Kaya.<\/strong><\/p>\n<p>La 2e \u00e9dition du Salon r\u00e9gional de l\u2019artisanat (SARA) s\u2019est tenue du 20 au 24 novembre 2019, dans la cit\u00e9 \u2018\u2019des cuirs et peaux\u2019\u2019, sous le th\u00e8me : \u00abConsommation locale des produits de l\u2019artisanat : enjeux, d\u00e9fis et perspectives\u00bb. Venue des 13 r\u00e9gions du Burkina Faso, une centaine d\u2019exposants ont pr\u00e9sent\u00e9 leurs savoir-faire aux visiteurs dans divers domaines, tels que le textile-habillement, la maroquinerie, la sculpture, la forge, la m\u00e9canique, l\u2019agro-alimentaire, etc. La c\u00e9r\u00e9monie officielle d\u2019ouverture dudit salon a eu lieu, le vendredi 22 novembre 2019, \u00e0 Kaya. Selon le ministre du Commerce, de l\u2019Industrie et de l\u2019Artisanat, Harouna Kabor\u00e9, le SARA constitue un espace de promotion du riche patrimoine artisanal national, d\u2019autant plus qu\u2019il est un cadre d\u2019\u00e9change d\u2019exp\u00e9riences et de tissage de relations. \u00abIl t\u00e9moigne non seulement du dynamisme de nos entreprises artisanales mais aussi, de la richesse des initiatives locales et cette bonne capacit\u00e9 du pays \u00e0 r\u00e9sister, \u00e0 cr\u00e9er et \u00e0 innover\u00bb, a-t-il poursuivi. C\u2019est pourquoi, Harouna Kabor\u00e9 a invit\u00e9 les Burkinab\u00e8 \u00e0 consommer les produits locaux.<\/p>\n<p>30% au PIB<\/p>\n<p>\u00ab C\u2019est dans ces conditions que nous cr\u00e9erons plus de valeur ajout\u00e9e et d\u2019emplois d\u00e9cents, toute chose qui contribuera au d\u00e9veloppement socio\u00e9conomique de notre pays \u00bb, a rassur\u00e9 le ministre Kabor\u00e9. Dans ses propos, le co-parrain du SARA2, Mamadou Zoungrana, par ailleurs pr\u00e9sident de la d\u00e9l\u00e9gation consulaire de la Chambre de commerce et d\u2019industrie du Centre-Nord, a indiqu\u00e9 que l\u2019artisanat burkinab\u00e8 constitue le troisi\u00e8me pourvoyeur d\u2019emplois apr\u00e8s l\u2019agriculture et l\u2019\u00e9levage. \u00ab Il occupe aussi plus de 2 millions de personnes et contribue pour pr\u00e8s de 30% \u00e0 la formation du Produit int\u00e9rieur brut (PIB)\u00bb, a-t-il fait savoir. Pour M. Zoungrana, le SARA est une tribune de valorisation de l\u2019offre artisanale locale. De ce fait, il a traduit toute sa reconnaissance \u00e0 l\u2019endroit du Comit\u00e9 d\u2019organisation. Tout comme le co-parrain, les autorit\u00e9s communales de Kaya ont salu\u00e9 cette initiative pour son organisation tournante dans les chefs-lieux de r\u00e9gion du Burkina Faso. \u00abLe SARA se pr\u00e9sente comme un outil de d\u00e9veloppement du commerce, de l\u2019\u00e9conomie, de la culture et de l\u2019int\u00e9gration entre les diff\u00e9rentes localit\u00e9s de notre pays\u00bb, s\u2019est r\u00e9joui le Secr\u00e9taire g\u00e9n\u00e9ral (SG) de la mairie de Kaya, Jocb Koudougou. Pour lui, le th\u00e8me de cette ann\u00e9e est pertinent, en ce sens qu\u2019il permettra de relever le d\u00e9fi de la consommation locale des produits artisanaux. La plupart des exposants ont exprim\u00e9 leur joie. C\u2019est le cas du pr\u00e9sident des maroquiniers de Kaya, Dominique Ou\u00e9draogo. \u00abLe SARA est une vitrine pour tisser des relations avec les artisans des autres r\u00e9gions pour d\u2019\u00e9ventuels commandes\u00bb, a-t-il esp\u00e9r\u00e9.<br \/>A l\u2019entendre il est aussi l\u2019occasion pour s\u2019ouvrir des portes sur le march\u00e9 international. \u00abL\u2019\u00e9dition pr\u00e9c\u00e9dente du SARA tenue \u00e0 Bobo-Dioulasso me permettra de participer au Festival \u2018\u2019Y\u00ealb\u00e2\u2019\u2019 pr\u00e9vu du 12 au 14 d\u00e9cembre prochain, en Italie\u00bb, a-t-il confirm\u00e9. Selon M. Ou\u00e9draogo, ce salon permettra aux artisans d\u2019\u00eatre plus comp\u00e9titifs pour la 16e \u00e9dition du Salon international de l\u2019artisanat de Ouagadougou (SIAO) prochaine.<\/p>\n<p>Emil SEGDA<br \/>Segda9emil@gmail.com<\/p>\n<div class=\"td-a-rec td-a-rec-id-content_bottom tdi_30_0a3 td_block_template_1\"><img loading=\"lazy\" decoding=\"async\" class=\"aligncenter size-full wp-image-9623\" src=\"https:\/\/www.sidwaya.info\/wp-content\/uploads\/2019\/06\/Projet-bannie%CC%80re-Orange-mobile.jpg\" alt=\"\" width=\"728\" height=\"81\"\/><\/div>\n<p>Auteur: BM. Sidwaya<br \/>\n<a href=\"https:\/\/www.sidwaya.info\/blog\/2019\/11\/25\/salon-regional-de-lartisanat-promouvoir-les-produits-locaux\/\">Cliquez ici pour lire l&rsquo;article depuis sa source.<\/a><\/p>\n","protected":false},"excerpt":{"rendered":"<p>Le ministre du Commerce, de l\u2019Industrie et de l\u2019Artisanat, Harouna Kabor\u00e9, a, officiellement, ouvert les portes de la 2e \u00e9dition du Salon r\u00e9gional de l\u2019artisanat (SARA), le vendredi 22 novembre 2019, \u00e0 Kaya. La 2e \u00e9dition du Salon r\u00e9gional de l\u2019artisanat (SARA) s\u2019est tenue du 20 au 24 novembre 2019, dans la cit\u00e9 \u2018\u2019des cuirs [&hellip;]<\/p>\n","protected":false},"author":1816,"featured_media":0,"comment_status":"closed","ping_status":"closed","sticky":false,"template":"","format":"standard","meta":{"fifu_image_url":"","fifu_image_alt":"","footnotes":""},"categories":[73,81],"tags":[],"class_list":["post-68653","post","type-post","status-publish","format-standard","hentry","category-actualite","category-burkina-faso"],"_links":{"self":[{"href":"https:\/\/linitiative.ca\/International\/wp-json\/wp\/v2\/posts\/68653","targetHints":{"allow":["GET"]}}],"collection":[{"href":"https:\/\/linitiative.ca\/International\/wp-json\/wp\/v2\/posts"}],"about":[{"href":"https:\/\/linitiative.ca\/International\/wp-json\/wp\/v2\/types\/post"}],"author":[{"embeddable":true,"href":"https:\/\/linitiative.ca\/International\/wp-json\/wp\/v2\/users\/1816"}],"replies":[{"embeddable":true,"href":"https:\/\/linitiative.ca\/International\/wp-json\/wp\/v2\/comments?post=68653"}],"version-history":[{"count":0,"href":"https:\/\/linitiative.ca\/International\/wp-json\/wp\/v2\/posts\/68653\/revisions"}],"wp:attachment":[{"href":"https:\/\/linitiative.ca\/International\/wp-json\/wp\/v2\/media?parent=68653"}],"wp:term":[{"taxonomy":"category","embeddable":true,"href":"https:\/\/linitiative.ca\/International\/wp-json\/wp\/v2\/categories?post=68653"},{"taxonomy":"post_tag","embeddable":true,"href":"https:\/\/linitiative.ca\/International\/wp-json\/wp\/v2\/tags?post=68653"}],"curies":[{"name":"wp","href":"https:\/\/api.w.org\/{rel}","templated":true}]}}