{"id":68654,"date":"2019-11-25T18:37:22","date_gmt":"2019-11-25T23:37:22","guid":{"rendered":"https:\/\/linitiative.ca\/International\/11es-universites-africaines-de-la-communication-construire-une-autre-image-de-lafrique\/"},"modified":"2019-11-25T18:37:22","modified_gmt":"2019-11-25T23:37:22","slug":"11es-universites-africaines-de-la-communication-construire-une-autre-image-de-lafrique","status":"publish","type":"post","link":"https:\/\/linitiative.ca\/International\/11es-universites-africaines-de-la-communication-construire-une-autre-image-de-lafrique\/","title":{"rendered":"11es Universit\u00e9s africaines de la communication  Construire une autre image de l\u2019Afrique"},"content":{"rendered":"<div class=\"td-post-featured-image\"><a href=\"https:\/\/i0.wp.com\/www.sidwaya.info\/wp-content\/uploads\/2019\/11\/uaco2019.gif?fit=816%2C486&#038;ssl=1\" data-caption=\"\"><img loading=\"lazy\" decoding=\"async\" width=\"696\" height=\"415\" class=\"entry-thumb td-modal-image\" src=\"https:\/\/i0.wp.com\/www.sidwaya.info\/wp-content\/uploads\/2019\/11\/uaco2019.gif?resize=696%2C415&#038;ssl=1\" alt=\"\" title=\"uaco2019\"\/><\/a><\/div>\n<p><strong>Les Universit\u00e9s africaines de la Communication de Ouagadougou (UACO) ont officiellement ouvert leurs portes, le lundi 25 novembre 2019 \u00e0 Ouagadougou au cours d\u2019une c\u00e9r\u00e9monie pr\u00e9sid\u00e9e par le Premier ministre, Christophe Joseph Marie Dabir\u00e9.<\/strong><\/p>\n<p>Des chercheurs et professionnels de la communication du Burkina Faso et des pays de la sous-r\u00e9gion tels que le Niger, le Mali, le Benin, le S\u00e9n\u00e9gal, la C\u00f4te d\u2019Ivoire sont r\u00e9unis \u00e0 Ouagadougou, du 25 au 27 novembre 2019 dans le cadre des Universit\u00e9s africaines de la communication de Ouagadougou (UACO) 2019. Pour cette 11e \u00e9dition, le th\u00e8me retenu par les organisateurs est: \u00ab Communication et g\u00e9opolitique : construire une autre image de l\u2019Afrique\u00bb. Aux dires du ministre de la Communication et des Relations avec le Parlement, Remis Dandjinou, par ailleurs pr\u00e9sident du comit\u00e9 d\u2019organisation, le choix de ce th\u00e8me n\u2019est pas fortuit. En effet, a-t-il rappel\u00e9, il intervient dans un contexte o\u00f9 les populations subissent sporadiquement les effets de l\u2019ins\u00e9curit\u00e9 li\u00e9s aux actions des groupes extr\u00e9mistes dans la r\u00e9gion du Sahel. Cette situation, a-t-il poursuivi, a favoris\u00e9 la circulation d\u2019images peu reluisantes et peu conformes aux r\u00e9alit\u00e9s des pays africains. Ce qui, a indiqu\u00e9 le ministre, a particip\u00e9 \u00e0 construire une image \u00e9corn\u00e9e et d\u00e9cal\u00e9e de l\u2019Afrique. \u00abL\u2019image que les m\u00e9dias internationaux laissent percevoir de l\u2019Afrique est celle d\u2019un continent de tous les malheurs confront\u00e9 \u00e0 la mal\u00e9diction \u00bb, a-t-il regrett\u00e9. D\u2019o\u00f9 la n\u00e9cessit\u00e9, a-t-il soulign\u00e9, de r\u00e9fl\u00e9chir \u00e0 comment construire une nouvelle image de l\u2019Afrique diff\u00e9rente de celle que pr\u00e9sentent les occidentaux. \u00ab Celle d\u2019une Afrique digne et fi\u00e8re de sa culture et r\u00e9solument tourn\u00e9e vers son histoire \u00bb, a-t-il d\u00e9clar\u00e9. La construction d\u2019une autre image de l\u2019Afrique, selon le ministre nig\u00e9rien en charge de la communication, Habi Mahamadou Salissou, s\u2019av\u00e8re \u00e9galement n\u00e9cessaire en ce sens qu\u2019elle peut constituer un levier \u00e9conomique. Pour lui, la bonne image d\u2019un pays peut favoriser le d\u00e9veloppement de plusieurs secteurs, notamment celui du tourisme et donner ainsi une plus-value \u00e0 son \u00e9conomie. \u00ab L\u2019image d\u2019un pays peut \u00e9galement conf\u00e9rer \u00e0 ses habitants respect et consid\u00e9ration sur le plan international \u00bb, a-t-il estim\u00e9. D\u2019apr\u00e8s lui, les m\u00e9dias europ\u00e9ens et am\u00e9ricains ont tellement compris les enjeux li\u00e9s \u00e0 l\u2019image qu\u2019ils montrent toujours une image positive de leur continent. La preuve, a-t-il soutenu, une \u00e9tude men\u00e9e en 2015 a montr\u00e9 qu\u2019aux Etats-Unis, il y a environ 4 millions de pauvres et plus 2 millions de prisonniers. Pourtant, a-t-il not\u00e9, les m\u00e9dias am\u00e9ricains n\u2019en font jamais cas.<\/p>\n<p>Remporter la guerre de l\u2019image<\/p>\n<p>Tout en f\u00e9licitant les organisateurs des UACO pour le choix de ce th\u00e8me qui est tr\u00e8s pertinent, il a invit\u00e9 les participants \u00e0 saisir l\u2019opportunit\u00e9 de cette rencontre pour mieux cerner les enjeux de la guerre de l\u2019image que les occidentaux livrent aux africains. \u00abL\u2019Afrique doit prendre en main son image. Il ne sert \u00e0 rien de demander aux autres de le faire \u00e0 notre place. Nous devons cr\u00e9er notre propre pouvoir m\u00e9diatique international en faisant la promotion de nos m\u00e9dias et en r\u00e9fl\u00e9chissant \u00e0 la cr\u00e9ation d\u2019autres m\u00e9dias. Nous devons surtout montrer aux autres l\u2019image d\u2019une Afrique debout et \u00e9mergente \u00bb, a-t-il insist\u00e9. Le Pr Charles Moumouni de l\u2019universit\u00e9 Laval de Qu\u00e9bec qui a donn\u00e9 la communication inaugurale a, quant \u00e0 lui, propos\u00e9 trois volets sur lesquels, les africains peuvent se baser pour reconstruire l\u2019image de leur continent. Il s\u2019agit de la g\u00e9ographie, de l\u2019\u00e9conomie et de l\u2019histoire. Concernant la g\u00e9ographie, il a invit\u00e9 les africains \u00e0 montrer l\u2019image d\u2019un continent immense dot\u00e9 d\u2019un v\u00e9ritable capital humain. \u00abL\u2019Afrique n\u2019est pas un continent monologue comme beaucoup veulent le faire voir. Il est constitu\u00e9 de 54 pays et surtout il est immense. L\u2019Afrique a une superficie de 30 millions 400 mille kilom\u00e8tres carr\u00e9s. Il est donc assez grand pour contenir les Etats-Unis, la Chine, l\u2019Inde, l\u2019ensemble de l\u2019Europe, et il y aura encore de la place pour y mettre une quinzaine d\u2019autres pays \u00bb, a-t-il soutenu. Le second volet sur lequel le Pr Moumouni s\u2019est attard\u00e9 est celui de l\u2019\u00e9conomie. Pour lui, les noirs doivent arr\u00eater de dire de leur continent qu\u2019il est pauvre. Selon une \u00e9tude dont il a fait cas dans sa communication, 11 pays africains sont \u00e9mergents et 11 autres sont en voie de d\u00e9veloppement tandis que le reste a tous les atouts pour se d\u00e9velopper. Pour lui, cela est la preuve que L\u2019Afrique n\u2019est pas un continent mis\u00e9rable comme le disent et le montrent les occidentaux. Le dernier point que le communicateur a abord\u00e9 est l\u2019histoire. Pour lui, celle de l\u2019Afrique est tellement riche que ses habitants peuvent s\u2019y appuyer pour revaloriser leur continent. Son avis est \u00e9galement partag\u00e9 par le Premier ministre Christophe Dabir\u00e9 pour qui la construction d\u2019une autre image du continent est possible. Il a insist\u00e9 sur le fait que les m\u00e9dias ont un r\u00f4le extr\u00eamement important \u00e0 jouer dans cette reconstruction de l\u2019image de l\u2019Afrique noire. \u00abAujourd\u2019hui, ce sont nos propres m\u00e9dias qui sont les premiers \u00e0 d\u00e9nigrer notre continent \u00bb, a-t-il regrett\u00e9. Il a toutefois esp\u00e9r\u00e9 que de cette rencontre sortent des strat\u00e9gies qui vont permettre de dessiner une autre image de l\u2019Afrique. Celle de toutes les opportunit\u00e9s sur lesquelles l\u2019on peut se baser pour le d\u00e9veloppement \u00e9conomique et social de l\u2019ensemble du monde.<\/p>\n<p>Nad\u00e8ge YAMEOGO<\/p>\n<div class=\"td-a-rec td-a-rec-id-content_bottom tdi_30_074 td_block_template_1\"><img loading=\"lazy\" decoding=\"async\" class=\"aligncenter size-full wp-image-9623\" src=\"https:\/\/www.sidwaya.info\/wp-content\/uploads\/2019\/06\/Projet-bannie%CC%80re-Orange-mobile.jpg\" alt=\"\" width=\"728\" height=\"81\"\/><\/div>\n<p>Auteur: BM. Sidwaya<br \/>\n<a href=\"https:\/\/www.sidwaya.info\/blog\/2019\/11\/25\/11es-universites-africaines-de-la-communication-construire-une-autre-image-de-lafrique\/\">Cliquez ici pour lire l&rsquo;article depuis sa source.<\/a><\/p>\n","protected":false},"excerpt":{"rendered":"<p>Les Universit\u00e9s africaines de la Communication de Ouagadougou (UACO) ont officiellement ouvert leurs portes, le lundi 25 novembre 2019 \u00e0 Ouagadougou au cours d\u2019une c\u00e9r\u00e9monie pr\u00e9sid\u00e9e par le Premier ministre, Christophe Joseph Marie Dabir\u00e9. Des chercheurs et professionnels de la communication du Burkina Faso et des pays de la sous-r\u00e9gion tels que le Niger, le [&hellip;]<\/p>\n","protected":false},"author":1816,"featured_media":0,"comment_status":"closed","ping_status":"closed","sticky":false,"template":"","format":"standard","meta":{"fifu_image_url":"","fifu_image_alt":"","footnotes":""},"categories":[73,81],"tags":[],"class_list":["post-68654","post","type-post","status-publish","format-standard","hentry","category-actualite","category-burkina-faso"],"_links":{"self":[{"href":"https:\/\/linitiative.ca\/International\/wp-json\/wp\/v2\/posts\/68654","targetHints":{"allow":["GET"]}}],"collection":[{"href":"https:\/\/linitiative.ca\/International\/wp-json\/wp\/v2\/posts"}],"about":[{"href":"https:\/\/linitiative.ca\/International\/wp-json\/wp\/v2\/types\/post"}],"author":[{"embeddable":true,"href":"https:\/\/linitiative.ca\/International\/wp-json\/wp\/v2\/users\/1816"}],"replies":[{"embeddable":true,"href":"https:\/\/linitiative.ca\/International\/wp-json\/wp\/v2\/comments?post=68654"}],"version-history":[{"count":0,"href":"https:\/\/linitiative.ca\/International\/wp-json\/wp\/v2\/posts\/68654\/revisions"}],"wp:attachment":[{"href":"https:\/\/linitiative.ca\/International\/wp-json\/wp\/v2\/media?parent=68654"}],"wp:term":[{"taxonomy":"category","embeddable":true,"href":"https:\/\/linitiative.ca\/International\/wp-json\/wp\/v2\/categories?post=68654"},{"taxonomy":"post_tag","embeddable":true,"href":"https:\/\/linitiative.ca\/International\/wp-json\/wp\/v2\/tags?post=68654"}],"curies":[{"name":"wp","href":"https:\/\/api.w.org\/{rel}","templated":true}]}}