{"id":68655,"date":"2019-11-25T18:40:42","date_gmt":"2019-11-25T23:40:42","guid":{"rendered":"https:\/\/linitiative.ca\/International\/congres-sur-la-misericorde-divine\/"},"modified":"2019-11-25T18:40:42","modified_gmt":"2019-11-25T23:40:42","slug":"congres-sur-la-misericorde-divine","status":"publish","type":"post","link":"https:\/\/linitiative.ca\/International\/congres-sur-la-misericorde-divine\/","title":{"rendered":"Congr\u00e8s sur la mis\u00e9ricorde divine"},"content":{"rendered":"<div class=\"td-post-featured-image\"><a href=\"https:\/\/i2.wp.com\/www.sidwaya.info\/wp-content\/uploads\/2019\/11\/prefasoeglisecat.gif?fit=880%2C587&#038;ssl=1\" data-caption=\"\"><img loading=\"lazy\" decoding=\"async\" width=\"696\" height=\"464\" class=\"entry-thumb td-modal-image\" src=\"https:\/\/i2.wp.com\/www.sidwaya.info\/wp-content\/uploads\/2019\/11\/prefasoeglisecat.gif?resize=696%2C464&#038;ssl=1\" alt=\"\" title=\"prefasoeglisecat\"\/><\/a><\/div>\n<p><strong>Une d\u00e9l\u00e9gation conduite par le cardinal de Bangui en Centrafrique, Dieudonn\u00e9 Nzanpalainga, est all\u00e9e rendre compte des conclusions du 4e congr\u00e8s de l\u2019Afrique et de Madagascar sur la mis\u00e9ricorde divine au pr\u00e9sident du Faso, Roch Marc Christian Kabor\u00e9, le lundi 25 novembre 2019.<\/strong><\/p>\n<p>Au lendemain du quatri\u00e8me congr\u00e8s de l\u2019Afrique et de Madagascar sur la mis\u00e9ricorde divine qui a pris fin le dimanche 24 novembre 2019 \u00e0 Ouagadougou, une d\u00e9l\u00e9gation conduite par le repr\u00e9sentant du Pape, le cardinal de Bangui, Dieudonn\u00e9 Nzanpalainga est all\u00e9e rendre compte au pr\u00e9sident Roch Kabor\u00e9 la teneur des travaux. \u00abNous sommes venus r\u00e9pondre \u00e0 l\u2019appel qu\u2019il<br \/>a lanc\u00e9 et surtout rendre compte du r\u00e9sum\u00e9 de ce que nous avons fait, partager le fruit de nos r\u00e9flexions et pri\u00e8res avec lui \u00bb, a confi\u00e9 le cardinal Nzanpalainga. Pour lui, beaucoup de pays de par le monde vivent les m\u00eames probl\u00e8mes que le peuple burkinab\u00e8, que ce soit l\u2019ins\u00e9curit\u00e9, la pauvret\u00e9, la corruption,\u2026Malgr\u00e9 tout, le cardinal a assur\u00e9 que Dieu n\u2019a pas oubli\u00e9 l\u2019Afrique et que les religieux et messagers de Dieu sont venus r\u00e9veiller l\u2019esp\u00e9rance et dire aux uns et aux autres que tout n\u2019est pas fini. \u00ab Il est encore possible de rebondir, et que pour cela, les gens doivent se mettre ensemble car l\u2019esp\u00e9rance est permise \u00bb, a ajout\u00e9 le cardinal Nzanpalainga. Au pr\u00e9sident du Faso, il l\u2019a rassur\u00e9 des pri\u00e8res faites pour la paix et la r\u00e9conciliation au Burkina Faso, mais aussi pour la conversion de ceux qui ont pris les armes afin qu\u2019ils puissent les d\u00e9poser. \u00abIls ne doivent pas regarder les autres comme des ennemis, mais des fr\u00e8res afin de b\u00e2tir un nouveau pays \u00bb, a-t-il affirm\u00e9. Il a confi\u00e9 que les congressistes ont rendu visite aux malades dans des h\u00f4pitaux et aux d\u00e9plac\u00e9s internes.<\/p>\n<p>Tielm\u00e8 Innocent<br \/>KAMBIRE<\/p>\n<div class=\"td-a-rec td-a-rec-id-content_bottom tdi_30_5aa td_block_template_1\"><img loading=\"lazy\" decoding=\"async\" class=\"aligncenter size-full wp-image-9623\" src=\"https:\/\/www.sidwaya.info\/wp-content\/uploads\/2019\/06\/Projet-bannie%CC%80re-Orange-mobile.jpg\" alt=\"\" width=\"728\" height=\"81\"\/><\/div>\n<p>Auteur: BM. Sidwaya<br \/>\n<a href=\"https:\/\/www.sidwaya.info\/blog\/2019\/11\/25\/congres-sur-la-misericorde-divine\/\">Cliquez ici pour lire l&rsquo;article depuis sa source.<\/a><\/p>\n","protected":false},"excerpt":{"rendered":"<p>Une d\u00e9l\u00e9gation conduite par le cardinal de Bangui en Centrafrique, Dieudonn\u00e9 Nzanpalainga, est all\u00e9e rendre compte des conclusions du 4e congr\u00e8s de l\u2019Afrique et de Madagascar sur la mis\u00e9ricorde divine au pr\u00e9sident du Faso, Roch Marc Christian Kabor\u00e9, le lundi 25 novembre 2019. Au lendemain du quatri\u00e8me congr\u00e8s de l\u2019Afrique et de Madagascar sur la [&hellip;]<\/p>\n","protected":false},"author":1816,"featured_media":0,"comment_status":"closed","ping_status":"closed","sticky":false,"template":"","format":"standard","meta":{"fifu_image_url":"","fifu_image_alt":"","footnotes":""},"categories":[73,81],"tags":[],"class_list":["post-68655","post","type-post","status-publish","format-standard","hentry","category-actualite","category-burkina-faso"],"_links":{"self":[{"href":"https:\/\/linitiative.ca\/International\/wp-json\/wp\/v2\/posts\/68655","targetHints":{"allow":["GET"]}}],"collection":[{"href":"https:\/\/linitiative.ca\/International\/wp-json\/wp\/v2\/posts"}],"about":[{"href":"https:\/\/linitiative.ca\/International\/wp-json\/wp\/v2\/types\/post"}],"author":[{"embeddable":true,"href":"https:\/\/linitiative.ca\/International\/wp-json\/wp\/v2\/users\/1816"}],"replies":[{"embeddable":true,"href":"https:\/\/linitiative.ca\/International\/wp-json\/wp\/v2\/comments?post=68655"}],"version-history":[{"count":0,"href":"https:\/\/linitiative.ca\/International\/wp-json\/wp\/v2\/posts\/68655\/revisions"}],"wp:attachment":[{"href":"https:\/\/linitiative.ca\/International\/wp-json\/wp\/v2\/media?parent=68655"}],"wp:term":[{"taxonomy":"category","embeddable":true,"href":"https:\/\/linitiative.ca\/International\/wp-json\/wp\/v2\/categories?post=68655"},{"taxonomy":"post_tag","embeddable":true,"href":"https:\/\/linitiative.ca\/International\/wp-json\/wp\/v2\/tags?post=68655"}],"curies":[{"name":"wp","href":"https:\/\/api.w.org\/{rel}","templated":true}]}}