{"id":68658,"date":"2019-11-26T15:50:05","date_gmt":"2019-11-26T20:50:05","guid":{"rendered":"https:\/\/linitiative.ca\/International\/rdc-deux-nouveaux-manifestants-tues-a-beni-reunion-du-conseil-de-securite-a-lonu\/"},"modified":"2019-11-26T15:50:05","modified_gmt":"2019-11-26T20:50:05","slug":"rdc-deux-nouveaux-manifestants-tues-a-beni-reunion-du-conseil-de-securite-a-lonu","status":"publish","type":"post","link":"https:\/\/linitiative.ca\/International\/rdc-deux-nouveaux-manifestants-tues-a-beni-reunion-du-conseil-de-securite-a-lonu\/","title":{"rendered":"RDC: deux nouveaux manifestants tu\u00e9s \u00e0 Beni, r\u00e9union du Conseil de s\u00e9curit\u00e9 \u00e0 l\u2019ONU"},"content":{"rendered":"<div readability=\"32\">\n<p>Publi\u00e9 le 26.11.2019 \u00e0 21h50 par AFP<\/p>\n<\/div>\n<div readability=\"109\">\n<p>Deux personnes ont \u00e9t\u00e9 tu\u00e9es mardi dans l\u2019est de la R\u00e9publique d\u00e9mocratique du Congo dans de nouvelles manifestations d\u2019habitants qui d\u00e9noncent \u00ab\u00a0l\u2019inaction\u00a0\u00bb des autorit\u00e9s et de l\u2019ONU face aux massacres de civils attribu\u00e9s au groupe arm\u00e9 ADF (80 morts depuis le 5 novembre).<\/p>\n<p>A New York, le Conseil de s\u00e9curit\u00e9 des Nations unies a condamn\u00e9 aussi bien les attaques contre les civils, que celles contre des installations onusiennes, lors d\u2019une r\u00e9union sur ces \u00e9meutes anti-ONU qui ont fait depuis lundi au moins six morts \u00e0 Beni.<\/p>\n<p>Deux nouveaux manifestants ont \u00e9t\u00e9 tu\u00e9s mardi \u00e0 Beni et dans la ville voisine de Butembo, \u00e0 50 km, a indiqu\u00e9 le procureur militaire Kumbu Ngoma, \u00e0 un correspondant de l\u2019AFP. Bilan confirm\u00e9 par la Mission des Nations unies au Congo (Monusco).<\/p>\n<p>\u00ab\u00a0Je ne sais pas qui a tir\u00e9\u00a0\u00bb, a indiqu\u00e9 le parquet militaire charg\u00e9 de l\u2019enqu\u00eate. Les forces de s\u00e9curit\u00e9 congolaises et des Casques bleus \u00e9taient pr\u00e9sents sur place \u00e0 Beni pendant ces troubles.<\/p>\n<p>Les Casques bleus ont mandat de prot\u00e9ger la population, a rappel\u00e9 le Conseil de s\u00e9curit\u00e9, qui doit renouveler le mandat de la Monusco d\u2019ici \u00e0 la fin du mois de d\u00e9cembre.<\/p>\n<p>\u00ab\u00a0C\u2019est une zone de for\u00eat qui n\u2019est pas facile d\u2019acc\u00e8s. Ce n\u2019est pas facile de prot\u00e9ger chaque personne\u00a0\u00bb, a d\u00e9clar\u00e9 la cheffe de la Monusco, Le\u00efla Zerrougui, apr\u00e8s la r\u00e9union du Conseil de s\u00e9curit\u00e9.<\/p>\n<p>\u00ab\u00a0Nous avons aussi des gens qui manipulent la souffrance des populations\u00a0\u00bb, a-t-elle ajout\u00e9 sans autre pr\u00e9cision.<\/p>\n<p>Le chef d\u2019\u00e9tat-major de l\u2019arm\u00e9e congolaise a rencontr\u00e9 \u00e0 Goma (est) le num\u00e9ro 2 de la Monusco, Fran\u00e7ois Grignon, au lendemain de l\u2019annonce par Kinshasa d&rsquo;\u00a0\u00bbop\u00e9rations conjointes entre l\u2019arm\u00e9e nationale et la Monusco\u00a0\u00bb.<\/p>\n<p>\u00ab\u00a0Nous sommes d\u00e9j\u00e0 ensemble \u00e0 Beni. Nous allons intensifier cette pr\u00e9sence et cette collaboration\u00a0\u00bb, a d\u00e9clar\u00e9 sans autre pr\u00e9cision \u00e0 l\u2019AFP le chef d\u2019\u00e9tat-major, le g\u00e9n\u00e9ral C\u00e9lestin Mbala.<\/p>\n<p>L\u2019arm\u00e9e congolaise affirme avoir conquis \u00ab\u00a0toutes les places fortes et les QG\u00a0\u00bb du groupe arm\u00e9 ADF (Forces d\u00e9mocratiques alli\u00e9e) autour de Beni depuis le lancement de ses op\u00e9rations le 30 octobre.<\/p>\n<p>\u00ab\u00a0Chass\u00e9 de la for\u00eat et de la brousse, l\u2019ennemi s\u2019est dilu\u00e9 dans la population et vient frapper \u00e0 titre de repr\u00e9sailles \u00e0 des endroits isol\u00e9s, lorque la population vaque \u00e0 ses occupations\u00a0\u00bb, a ajout\u00e9 le porte-parole de l\u2019arm\u00e9e, le g\u00e9n\u00e9ral L\u00e9on-Richard Kasonga.<\/p>\n<p>Le Conseil de s\u00e9curit\u00e9 s\u2019est inqui\u00e9t\u00e9 des cons\u00e9quences de l\u2019ins\u00e9curit\u00e9 sur la lutte contre l\u2019\u00e9pid\u00e9mie Ebola.<\/p>\n<p>Beni et Butembo sont les \u00e9picentres de l\u2019actuelle \u00e9pid\u00e9mie d\u2019Ebola qui a d\u00e9j\u00e0 tu\u00e9 2.199 personnes.<\/p>\n<p>Les interventions anti-Ebola sont paralys\u00e9es depuis sept jours, a d\u00e9clar\u00e9 l\u2019Organisation mondiale de la sant\u00e9 (OMS), qui a transf\u00e9r\u00e9 vers Goma 49 de ses 120 travailleurs pr\u00e9sents \u00e0 Beni.<\/p>\n<p>\u00ab\u00a0Les cha\u00eenes de transmission sont actives. Les \u00e9quipes n\u2019ont pas \u00e9t\u00e9 capables de vacciner dans ces zones. Seul un quart des personnes \u00e0 risques ont \u00e9t\u00e9 suivies par des \u00e9quipes de sant\u00e9\u00a0\u00bb, s\u2019inqui\u00e8te l\u2019OMS sur Twitter.<\/p>\n<\/div>\n<p>Auteur: AFP<br \/>\n<a href=\"https:\/\/www.journalducameroun.com\/rdc-deux-nouveaux-manifestants-tues-a-beni-reunion-du-conseil-de-securite-a-lonu\/\">Cliquez ici pour lire l&rsquo;article depuis sa source.<\/a><\/p>\n","protected":false},"excerpt":{"rendered":"<p>Publi\u00e9 le 26.11.2019 \u00e0 21h50 par AFP Deux personnes ont \u00e9t\u00e9 tu\u00e9es mardi dans l\u2019est de la R\u00e9publique d\u00e9mocratique du Congo dans de nouvelles manifestations d\u2019habitants qui d\u00e9noncent \u00ab\u00a0l\u2019inaction\u00a0\u00bb des autorit\u00e9s et de l\u2019ONU face aux massacres de civils attribu\u00e9s au groupe arm\u00e9 ADF (80 morts depuis le 5 novembre). A New York, le Conseil [&hellip;]<\/p>\n","protected":false},"author":1965,"featured_media":0,"comment_status":"closed","ping_status":"closed","sticky":false,"template":"","format":"standard","meta":{"fifu_image_url":"","fifu_image_alt":"","footnotes":""},"categories":[73,82],"tags":[],"class_list":["post-68658","post","type-post","status-publish","format-standard","hentry","category-actualite","category-cameroun"],"_links":{"self":[{"href":"https:\/\/linitiative.ca\/International\/wp-json\/wp\/v2\/posts\/68658","targetHints":{"allow":["GET"]}}],"collection":[{"href":"https:\/\/linitiative.ca\/International\/wp-json\/wp\/v2\/posts"}],"about":[{"href":"https:\/\/linitiative.ca\/International\/wp-json\/wp\/v2\/types\/post"}],"author":[{"embeddable":true,"href":"https:\/\/linitiative.ca\/International\/wp-json\/wp\/v2\/users\/1965"}],"replies":[{"embeddable":true,"href":"https:\/\/linitiative.ca\/International\/wp-json\/wp\/v2\/comments?post=68658"}],"version-history":[{"count":0,"href":"https:\/\/linitiative.ca\/International\/wp-json\/wp\/v2\/posts\/68658\/revisions"}],"wp:attachment":[{"href":"https:\/\/linitiative.ca\/International\/wp-json\/wp\/v2\/media?parent=68658"}],"wp:term":[{"taxonomy":"category","embeddable":true,"href":"https:\/\/linitiative.ca\/International\/wp-json\/wp\/v2\/categories?post=68658"},{"taxonomy":"post_tag","embeddable":true,"href":"https:\/\/linitiative.ca\/International\/wp-json\/wp\/v2\/tags?post=68658"}],"curies":[{"name":"wp","href":"https:\/\/api.w.org\/{rel}","templated":true}]}}