{"id":68660,"date":"2019-11-26T17:18:03","date_gmt":"2019-11-26T22:18:03","guid":{"rendered":"https:\/\/linitiative.ca\/International\/intitiative-villes-africaines-sans-enfants-de-la-rue-londe-a-loeuvre\/"},"modified":"2019-11-26T17:18:03","modified_gmt":"2019-11-26T22:18:03","slug":"intitiative-villes-africaines-sans-enfants-de-la-rue-londe-a-loeuvre","status":"publish","type":"post","link":"https:\/\/linitiative.ca\/International\/intitiative-villes-africaines-sans-enfants-de-la-rue-londe-a-loeuvre\/","title":{"rendered":"Intitiative \u00ab Villes africaines sans enfants de la rue \u00bb : L\u2019ONDE \u00e0 l\u2019oeuvre"},"content":{"rendered":"<div readability=\"32\">\n<p>Publi\u00e9 le 26.11.2019 \u00e0 23h18 par APA News<\/p>\n<\/div>\n<div readability=\"122\">\n<p>L\u2019Observatoire marocain des droits de l\u2019enfant (ONDE) est d\u00e9cid\u00e9 \u00e0 r\u00e9ussir l\u2019Initiative \u00ab Pour des villes africaines sans enfants de la rue \u00bb, lanc\u00e9e en novembre 2018 \u00e0 Marrakech, avec pour objectif de rendre la dignit\u00e9 \u00e0 tous les enfants en situation de rue dans les diff\u00e9rentes villes africaine.Par Hicham Alaoui<\/p>\n<p>C\u2019est ainsi que depuis le lancement de la campagne panafricaine pour des villes sans enfant en situation de rue, l\u2019ONDE a mobilis\u00e9 des experts et les acteurs publics et priv\u00e9s afin de faire un diagnostic \u00e0 titre d\u2019exemple au niveau de la capitale Rabat et mettre en place un plan d\u2019action pour r\u00e9ussir cette initiative, a indiqu\u00e9 la Directrice ex\u00e9cutive de l\u2019ONDE, Mme Lamia Bazir.<\/p>\n<p>A cet \u00e9gard, l\u2019ONDE, en partenariat avec Cit\u00e9s et Gouvernements Locaux Unis d\u2019Afrique (CGLU-A), a \u00e9labor\u00e9 une s\u00e9rie d\u2019instruments, tels que des guides, des plans d\u2019accompagnement, des protocoles d\u2019intervention et des mod\u00e8les de gouvernance pour promouvoir des villes protectrices de leurs enfants, a-t-elle d\u00e9clar\u00e9 \u00e0 APA.<\/p>\n<p>L\u2019Observatoire marocain a \u00e9galement produit des vid\u00e9os de vulgarisation de la strat\u00e9gie d\u2019intervention au profit des enfants, ainsi que des films de sensibilisation du grand public et des responsables vis-\u00e0-vis de la vie de la vuln\u00e9rabilit\u00e9 infantile et notamment la probl\u00e9matique des enfants en situation de rue, a fait savoir Mme Bazir.<\/p>\n<p>\u00ab Tous ces \u00e9l\u00e9ments ont \u00e9t\u00e9 r\u00e9unis dans une bo\u00eete \u00e0 outils qui a \u00e9t\u00e9 remise \u00e0 cit\u00e9s et gouvernements locaux unis d\u2019Afrique (CGUL-A) pour un partage avec d\u2019autres villes africaines, mais aussi avec les responsables au niveau de Rabat pour pilotage \u00bb, a-t-elle soulign\u00e9. \u00a0<\/p>\n<p>Et d\u2019ajouter que la bo\u00eete \u00e0 outils aspire ainsi \u00e0 outiller les responsables territoriaux \u00e0 mieux conna\u00eetre la probl\u00e9matique et \u00e0 se r\u00e9f\u00e9rer \u00e0 des bonnes pratiques mais aussi \u00e0 mener un processus de radioscopie au niveau de leur ville pour conna\u00eetre la situation de l\u2019enfance et mieux coordonner et am\u00e9liorer l\u2019efficacit\u00e9 de leurs interventions en faveur de l\u2019enfance.<\/p>\n<p>\u00ab La strat\u00e9gie aborde toutes les phases du processus de la pr\u00e9vention au signalement, de l\u2019orientation \u00e0 la prise en charge, de la r\u00e9insertion des enfants au niveau de leur famille jusqu\u2019\u00e0 la reconstruction d\u2019un projet de vie \u00e0 travers l\u2019\u00e9cole de la seconde chance et la formation professionnelle ou la formation dans d\u2019autres parcours artistique et sportif \u00bb, a expliqu\u00e9 la Directrice ex\u00e9cutive de l\u2019ONDE, qui est pr\u00e9sid\u00e9 par la Princesse royale, Lalla Meryem.<\/p>\n<p>Il s\u2019agit \u00e9galement de bien outiller les responsables \u00a0territoriaux pour disposer des dispositifs de veille, tels que des syst\u00e8mes urbains d\u2019informations et de veille et d\u2019autres outils de gouvernance afin de mieux agir pour prot\u00e9ger l\u2019enfance de leurs territoires.<\/p>\n<p>Apr\u00e8s avoir cr\u00e9\u00e9 une mobilisation et une sensibilisation des acteurs territoriaux notamment les \u00e9lus, cette initiative va devoir se servir de cette bo\u00eete \u00e0 outils qui sera partag\u00e9 entre toutes les villes adh\u00e9rentes \u00e0 la campagne au niveau du continent africain. Elle servira \u00e9galement de r\u00e9f\u00e9rence et chaque ville pourra utiliser les outils qui lui semble pertinent mais aussi et surtout adapter et contextualiser les \u00e9l\u00e9ments fournis, a tenu \u00e0 expliquer Mme Bazir.<\/p>\n<p>Cette initiative pr\u00e9voit \u00e9galement des s\u00e9ances de renforcement de capacit\u00e9 des maires \u00e9lus et des responsables territoriaux africains, ainsi que des rencontres de partage d\u2019exp\u00e9riences et d\u2019expertises entre les responsables africains.<\/p>\n<p>Lanc\u00e9e le 24 novembre 2018, en marge de la 8e \u00e9dition du Sommet Africit\u00e9s, organis\u00e9 \u00e0 Marrakech l\u2019initiative \u00ab Pour des villes africaines sans enfant en situations de rue \u00bb se propose d\u2019 int\u00e9grer la question de l\u2019enfance dans la politique urbaine, la gouvernance, les programmes et plans de d\u00e9veloppement des villes et des territoires locaux et ainsi contribuer \u00e0 prot\u00e9ger l\u2019enfance et \u00e0 \u00e9radiquer, \u00e0 terme, le ph\u00e9nom\u00e8ne des enfants en situations de rue, souvent oubli\u00e9s.<\/p>\n<p>Le ph\u00e9nom\u00e8ne des enfants des rues figure parmi les probl\u00e8mes sociaux les plus pr\u00e9occupants dans les villes africaines. A ce sujet, le Roi Mohammed VI avait fait observer que \u00ab sur les 120 millions d\u2019enfants des rues dans le monde, il en est plus de 30 millions qui survivent dans notre continent. Un enfant des rues sur 4 est donc Africain \u00bb. Le Souverain avait \u00e9galement soulign\u00e9 que sans protection de l\u2019enfance, l\u2019Afrique ne saura relever le d\u00e9fi de son \u00e9mergence.<\/p>\n<\/div>\n<p>Auteur: APA News<br \/>\n<a href=\"https:\/\/www.journalducameroun.com\/intitiative-villes-africaines-sans-enfants-de-la-rue-londe-a-loeuvre\/\">Cliquez ici pour lire l&rsquo;article depuis sa source.<\/a><\/p>\n","protected":false},"excerpt":{"rendered":"<p>Publi\u00e9 le 26.11.2019 \u00e0 23h18 par APA News L\u2019Observatoire marocain des droits de l\u2019enfant (ONDE) est d\u00e9cid\u00e9 \u00e0 r\u00e9ussir l\u2019Initiative \u00ab Pour des villes africaines sans enfants de la rue \u00bb, lanc\u00e9e en novembre 2018 \u00e0 Marrakech, avec pour objectif de rendre la dignit\u00e9 \u00e0 tous les enfants en situation de rue dans les diff\u00e9rentes [&hellip;]<\/p>\n","protected":false},"author":1965,"featured_media":0,"comment_status":"closed","ping_status":"closed","sticky":false,"template":"","format":"standard","meta":{"fifu_image_url":"","fifu_image_alt":"","footnotes":""},"categories":[73,82],"tags":[],"class_list":["post-68660","post","type-post","status-publish","format-standard","hentry","category-actualite","category-cameroun"],"_links":{"self":[{"href":"https:\/\/linitiative.ca\/International\/wp-json\/wp\/v2\/posts\/68660","targetHints":{"allow":["GET"]}}],"collection":[{"href":"https:\/\/linitiative.ca\/International\/wp-json\/wp\/v2\/posts"}],"about":[{"href":"https:\/\/linitiative.ca\/International\/wp-json\/wp\/v2\/types\/post"}],"author":[{"embeddable":true,"href":"https:\/\/linitiative.ca\/International\/wp-json\/wp\/v2\/users\/1965"}],"replies":[{"embeddable":true,"href":"https:\/\/linitiative.ca\/International\/wp-json\/wp\/v2\/comments?post=68660"}],"version-history":[{"count":0,"href":"https:\/\/linitiative.ca\/International\/wp-json\/wp\/v2\/posts\/68660\/revisions"}],"wp:attachment":[{"href":"https:\/\/linitiative.ca\/International\/wp-json\/wp\/v2\/media?parent=68660"}],"wp:term":[{"taxonomy":"category","embeddable":true,"href":"https:\/\/linitiative.ca\/International\/wp-json\/wp\/v2\/categories?post=68660"},{"taxonomy":"post_tag","embeddable":true,"href":"https:\/\/linitiative.ca\/International\/wp-json\/wp\/v2\/tags?post=68660"}],"curies":[{"name":"wp","href":"https:\/\/api.w.org\/{rel}","templated":true}]}}