{"id":68661,"date":"2019-11-26T17:18:06","date_gmt":"2019-11-26T22:18:06","guid":{"rendered":"https:\/\/linitiative.ca\/International\/la-fao-soutient-au-profit-de-la-cote-divoire-3-projets-agro-forestiers-denviron-155-milliards-fcfa\/"},"modified":"2019-11-26T17:18:06","modified_gmt":"2019-11-26T22:18:06","slug":"la-fao-soutient-au-profit-de-la-cote-divoire-3-projets-agro-forestiers-denviron-155-milliards-fcfa","status":"publish","type":"post","link":"https:\/\/linitiative.ca\/International\/la-fao-soutient-au-profit-de-la-cote-divoire-3-projets-agro-forestiers-denviron-155-milliards-fcfa\/","title":{"rendered":"La FAO soutient au profit de la C\u00f4te d\u2019Ivoire 3 projets agro-forestiers d\u2019environ 15,5 milliards Fcfa"},"content":{"rendered":"<div readability=\"32\">\n<p>Publi\u00e9 le 26.11.2019 \u00e0 23h18 par APA News<\/p>\n<\/div>\n<div readability=\"132\">\n<p>L\u2019Organisation des Nations-Unies pour l\u2019alimentation et l\u2019agriculture (FAO), soutient actuellement trois projets agro-forestiers au profit de la C\u00f4te d\u2019Ivoire, d\u2019un co\u00fbt global de 26 millions de dollars US soit 15,47 milliards de Fcfa.Ces projets portent notamment sur la cacaoculture durable et l\u2019am\u00e9nagement du territoire, le projet fonds vert climat et le projet de bio\u00e9nergies, \u00a0selon David Solano expert en mobilisation de ressources et expert forestier au sein de la FAO.<\/p>\n<p>M. Solano qui s\u2019exprimait en marge d\u2019un panel d\u00e9di\u00e9 \u00e0 la for\u00eat ivoirienne \u00e0 l\u2019occasion de la cinqui\u00e8me \u00e9dition Salon international de l\u2019agriculture et des ressources animales d\u2019Abidjan (SARA), mardi dans la capitale \u00e9conomique ivoirienne, a indiqu\u00e9 \u00e0 la presse que ces projets ont \u00e9t\u00e9 ficel\u00e9s avec les minist\u00e8res techniques. \u00a0 \u00a0\u00a0<\/p>\n<p>Avec \u00e9galement les partenaires techniques et financiers, la FAO soutient le gouvernement ivoirien dans la mise \u00e0 l\u2019\u00e9chelle des technologies et des bonnes pratiques pour lib\u00e9rer le potentiel \u00a0de l\u2019innovation agricole.\u00a0<\/p>\n<p>La FAO est en train de \u00ab b\u00e2tir maintenant \u00bb le projet sur la cacaoculture durable et l\u2019am\u00e9nagement du territoire d\u2019un co\u00fbt de 6 millions de dollars US, qui a \u00e9t\u00e9 d\u00e9j\u00e0 pr\u00e9s\u00e9lectionn\u00e9 par le Fonds par l\u2019environnement mondial au travers du Programme impact, a pr\u00e9cis\u00e9 M. Solano.\u00a0<\/p>\n<p>C\u2019est un projet initi\u00e9 par le minist\u00e8re de l\u2019Agriculture et du d\u00e9veloppement rural, dira-t-il, avant d\u2019ajouter que la FAO a proc\u00e9d\u00e9 \u00e0 la soumissions de ce projet qui a \u00e9t\u00e9 \u00ab pr\u00e9s\u00e9lectionn\u00e9 parmi 18 projets au niveau mondial \u00bb. \u00a0Il devrait \u00eatre d\u00e9pos\u00e9 en mai 2020.\u00a0<\/p>\n<p>A la demande du gouvernement ivoirien, la FAO vient de d\u00e9poser un projet de 10 millions de dollars pour le Fonds vert pour le climat qui est assorti d\u2019un appel pour la Redd+, m\u00e9canisme visant \u00e0 r\u00e9duire les gaz \u00e0 effet de serre et lutter contre la d\u00e9forestation.\u00a0<\/p>\n<p>Le pays conna\u00eet une \u00ab avanc\u00e9e \u00bb mais il manque encore quelques efforts pour finaliser ses objectifs. \u00a0En mars 2020, le projet pour le fonds vert sur le climat devrait \u00eatre soumis \u00e0 la prochaine r\u00e9union du Comit\u00e9 de s\u00e9lection de projets du fonds vert climat, afin d\u2019\u00eatre \u00abd\u00e9finitive s\u00e9lectionn\u00e9 \u00bb. \u00a0<\/p>\n<p>Un projet sur la bio\u00e9nergie d\u2019un co\u00fbt de 10 millions Fcfa se pr\u00e9pare, a-t-il poursuivi, soulignant qu\u2019il s\u2019agit d\u2019une alternative aux \u00e9nergies fossiles et \u00e0 la mauvaise utilisation du bois de chauffe dont l\u2019utilisation actuelle n\u2019est pas durable. Cela devrait permettre de convertir les d\u00e9chets agricoles en \u00e9nergie domestique. \u00a0\u00a0<\/p>\n<p>La C\u00f4te d\u2019Ivoire, premier producteur mondial de cacao, a initi\u00e9 un projet en vue de favoriser l\u2019agroforesterie. Ce projet, en conception et qui devrait \u00eatre d\u00e9pos\u00e9 en mai 2020 vient pour restaurer les terrains d\u00e9grad\u00e9s et maintenir une culture durable sur les sols.\u00a0<\/p>\n<p>Pour la cacaoculture durable, les chocolatiers interviennent dans le projet en tant que partenaire. L\u2019objectif \u00e9tant d\u2019atteindre z\u00e9ro d\u00e9forestation, en am\u00e9liorant l\u2019origine g\u00e9n\u00e9tique des plants et les techniques de culture.\u00a0<\/p>\n<p>L\u2019agroforesterie, selon M. Solano, expert forestier de la FAO, vise \u00e0 cultiver le cacao avec d\u2019autres arbres pour restaurer la for\u00eat beaucoup plus vite, avec moins d\u2019intrants chimiques, et l\u2019utilisation de plus d\u2019arbres dans les parcelles foresti\u00e8res.<\/p>\n<p>Toutefois, les parcelles arbor\u00e9es ne devraient pas \u00a0d\u00e9passer le seuil de 30% afin que le cacao soit productif. Les chocolatiers soutiennent notamment que le nombre de pieds de cacao devraient \u00eatre \u00a0en dessous de 800 pieds \u00e0 l\u2019hectares.\u00a0<\/p>\n<p>De 16 millions d\u2019hectares (ha) en 1900, la C\u00f4te d\u2019Ivoire s\u2019est retrouv\u00e9e \u00e0 environ 3,4 millions d\u2019hectares de for\u00eats en 2015, soit un rythme moyen de disparition d\u2019environ 110.000 hectares par an avec un pic ayant atteint 200.000 ha par an dans les ann\u00e9es 2000. \u00a0<\/p>\n<p>Au rythme actuel de l\u2019infiltration des for\u00eats et leur d\u00e9gradation, les for\u00eats ivoiriennes risquent de dispara\u00eetre dans deux d\u00e9cennies, a dit Alain-Richard Donwahi, ministre des Eaux et for\u00eats. Le couvert forestier s\u2019est r\u00e9duit au \u00a0cours des 50 derni\u00e8res ann\u00e9es pour repr\u00e9senter en 2015 le taux de 11%.\u00a0<\/p>\n<p>Face au danger que courent les ressources naturelles du pays et qui menace la survie de l\u2019\u00e9conomie nationale, le gouvernement a initi\u00e9 une strat\u00e9gie pour op\u00e9rationnaliser cette politique avec un portefeuille de projets dont la mise en \u0153uvre n\u00e9cessitera plus de 600 milliards Fcfa sur dix ans. \u00a0\u00a0<\/p>\n<\/div>\n<p>Auteur: APA News<br \/>\n<a href=\"https:\/\/www.journalducameroun.com\/la-fao-soutient-au-profit-de-la-cote-divoire-3-projets-agro-forestiers-denviron-155-milliards-fcfa\/\">Cliquez ici pour lire l&rsquo;article depuis sa source.<\/a><\/p>\n","protected":false},"excerpt":{"rendered":"<p>Publi\u00e9 le 26.11.2019 \u00e0 23h18 par APA News L\u2019Organisation des Nations-Unies pour l\u2019alimentation et l\u2019agriculture (FAO), soutient actuellement trois projets agro-forestiers au profit de la C\u00f4te d\u2019Ivoire, d\u2019un co\u00fbt global de 26 millions de dollars US soit 15,47 milliards de Fcfa.Ces projets portent notamment sur la cacaoculture durable et l\u2019am\u00e9nagement du territoire, le projet fonds [&hellip;]<\/p>\n","protected":false},"author":1965,"featured_media":0,"comment_status":"closed","ping_status":"closed","sticky":false,"template":"","format":"standard","meta":{"fifu_image_url":"","fifu_image_alt":"","footnotes":""},"categories":[73,82],"tags":[],"class_list":["post-68661","post","type-post","status-publish","format-standard","hentry","category-actualite","category-cameroun"],"_links":{"self":[{"href":"https:\/\/linitiative.ca\/International\/wp-json\/wp\/v2\/posts\/68661","targetHints":{"allow":["GET"]}}],"collection":[{"href":"https:\/\/linitiative.ca\/International\/wp-json\/wp\/v2\/posts"}],"about":[{"href":"https:\/\/linitiative.ca\/International\/wp-json\/wp\/v2\/types\/post"}],"author":[{"embeddable":true,"href":"https:\/\/linitiative.ca\/International\/wp-json\/wp\/v2\/users\/1965"}],"replies":[{"embeddable":true,"href":"https:\/\/linitiative.ca\/International\/wp-json\/wp\/v2\/comments?post=68661"}],"version-history":[{"count":0,"href":"https:\/\/linitiative.ca\/International\/wp-json\/wp\/v2\/posts\/68661\/revisions"}],"wp:attachment":[{"href":"https:\/\/linitiative.ca\/International\/wp-json\/wp\/v2\/media?parent=68661"}],"wp:term":[{"taxonomy":"category","embeddable":true,"href":"https:\/\/linitiative.ca\/International\/wp-json\/wp\/v2\/categories?post=68661"},{"taxonomy":"post_tag","embeddable":true,"href":"https:\/\/linitiative.ca\/International\/wp-json\/wp\/v2\/tags?post=68661"}],"curies":[{"name":"wp","href":"https:\/\/api.w.org\/{rel}","templated":true}]}}