{"id":68662,"date":"2019-11-26T18:26:09","date_gmt":"2019-11-26T23:26:09","guid":{"rendered":"https:\/\/linitiative.ca\/International\/vers-un-nouveau-glissement-de-date-de-la-can-2021\/"},"modified":"2019-11-26T18:26:09","modified_gmt":"2019-11-26T23:26:09","slug":"vers-un-nouveau-glissement-de-date-de-la-can-2021","status":"publish","type":"post","link":"https:\/\/linitiative.ca\/International\/vers-un-nouveau-glissement-de-date-de-la-can-2021\/","title":{"rendered":"Vers un nouveau glissement de date de la Can 2021 ?"},"content":{"rendered":"<div class=\"featured-area featured-area-inner\"><img loading=\"lazy\" decoding=\"async\" width=\"696\" height=\"405\" src=\"https:\/\/i0.wp.com\/ecomatin.net\/wp-content\/uploads\/2019\/11\/troph\u00e9e-can-696x430.jpg?resize=696%2C405&#038;ssl=1&#038;is-pending-load=1\" class=\"attachment-jannah-image-post size-jannah-image-post wp-post-image jetpack-lazy-image\" alt=\"\" data-attachment-id=\"14967\" data-permalink=\"https:\/\/ecomatin.net\/vers-un-nouveau-glissement-de-date-de-la-can-2021\/trophee-can-696x430\/\" data-orig-file=\"https:\/\/i0.wp.com\/ecomatin.net\/wp-content\/uploads\/2019\/11\/troph\u00e9e-can-696x430.jpg?fit=696%2C430&#038;ssl=1\" data-orig-size=\"696,430\" data-comments-opened=\"0\" data-image-meta=\"{\"aperture\":\"0\",\"credit\":\"\",\"camera\":\"\",\"caption\":\"\",\"created_timestamp\":\"0\",\"copyright\":\"\",\"focal_length\":\"0\",\"iso\":\"0\",\"shutter_speed\":\"0\",\"title\":\"\",\"orientation\":\"0\"}\" data-image-title=\"troph\u00e9e-can-696\u00d7430\" data-image-description=\"\" data-medium-file=\"https:\/\/i0.wp.com\/ecomatin.net\/wp-content\/uploads\/2019\/11\/troph\u00e9e-can-696x430.jpg?fit=300%2C185&#038;ssl=1\" data-large-file=\"https:\/\/i0.wp.com\/ecomatin.net\/wp-content\/uploads\/2019\/11\/troph\u00e9e-can-696x430.jpg?fit=696%2C430&#038;ssl=1\" srcset=\"data:image\/gif;base64,R0lGODlhAQABAIAAAAAAAP\/\/\/yH5BAEAAAAALAAAAAABAAEAAAIBRAA7\"\/><\/div>\n<div class=\"entry-content entry clearfix\" readability=\"66\">\n<p>Et si la Coupe d\u2019Afrique des Nations (<strong>CAN<\/strong>) revenait \u00e0 l\u2019ancienne formule \u00e0 savoir en janvier ? Alors que la reine des comp\u00e9tions sur le continent se joue d\u00e9sormais entre les mois de juin et juillet, la Conf\u00e9d\u00e9ration africaine de football (<strong>CAF<\/strong>) envisage tr\u00e8s s\u00e9rieusement de revoir ses plans pour l\u2019\u00e9dition 2021 qui aura lieu au Cameroun. En r\u00e9union jeudi 21 novembre 2019 au Caire, sous la pr\u00e9sidence\u00a0<strong>d\u2019Ahmad Ahmad,<\/strong>\u00a0le Comit\u00e9 ex\u00e9cutif de la\u00a0<strong>CAF<\/strong>\u00a0a adopt\u00e9 une importante r\u00e9solution relative \u00e0 cette comp\u00e9tition que doit organiser le Cameroun.<\/p>\n<p>L\u2019instance faiti\u00e8re du football africain a \u00e9voqu\u00e9\u00a0<em>\u00ab qu\u2019en raison des conditions m\u00e9t\u00e9orologiques, les dates de la CAN 2021 seront d\u00e9cid\u00e9es conjointement par la CAF et le pays h\u00f4te \u00bb<\/em>.<em>\u00a0<\/em>Le Cameroun, pays organisateur de la comp\u00e9tition est souvent confront\u00e9 \u00e0 de fortes p\u00e9riodes de pluie les mois de juin\/juillet.<\/p>\n<p>Et s\u2019il est vrai que juin-juillet correspond \u00e0 la saison des pluies au Cameroun, l\u2019argument m\u00e9t\u00e9orologique appara\u00eet bien faible. Il \u00e9tait surtout connu depuis longtemps. L\u2019annonce par la FIFA au d\u00e9but du mois d\u2019une nouvelle Coupe du monde des clubs aux dates de la CAN p\u00e8se d\u2019un tout autre poids. Il est donc question pour la CAF de ne pas faire ombre au nouveau format du mondial des clubs en juin\/juillet 2021 d\u00e9cid\u00e9 par la FIFA et ce \u00e0 la m\u00eame p\u00e9riode que la CAN.<\/p>\n<p>Alors que l\u2019\u00c9gypte vient d\u2019accueillir la premi\u00e8re CAN en juin\/juillet 2019, une premi\u00e8re en plus de 60 ans d\u2019histoire, la suivante va devoir se refaire une place au soleil dans un calendrier surcharg\u00e9. Est-ce un retour vers la CAN au mois de janvier qui s\u2019annonce ? Ou une nouvelle saison sera-t-elle sortie du chapeau ? Seule certitude en attendant : le Cameroun accueillera le CHAN du 4 au 25 avril 2020.<\/p>\n<p>Au cas o\u00f9 cette nouvelle disposition des dates de la Can prend effet, elle devra renforcer les d\u00e9fis auxquels les autorit\u00e9s camerounaises sont confront\u00e9es au sujet de la livraison des infrastructures devant abriter l\u2019\u00e9v\u00e8nement. Outre les h\u00f4tels, les routes et les infrastructures g\u00e9n\u00e9rales, c\u2019est surtout l\u2019avanc\u00e9e des stades qui inqui\u00e8te tout observateur.\u00a0Les stades Paul Biya d\u2019Olemb\u00e9 (<strong>60\u00a0000 places)<\/strong>\u00a0et Roumd\u00e9 Adjia (<strong>30\u00a0000 places<\/strong>) ne sont pas encore livr\u00e9s.<\/p>\n<\/div>\n<p>Auteur: EcoMatin<br \/>\n<a href=\"https:\/\/ecomatin.net\/vers-un-nouveau-glissement-de-date-de-la-can-2021\/\">Cliquez ici pour lire l&rsquo;article depuis sa source.<\/a><\/p>\n","protected":false},"excerpt":{"rendered":"<p>Et si la Coupe d\u2019Afrique des Nations (CAN) revenait \u00e0 l\u2019ancienne formule \u00e0 savoir en janvier ? Alors que la reine des comp\u00e9tions sur le continent se joue d\u00e9sormais entre les mois de juin et juillet, la Conf\u00e9d\u00e9ration africaine de football (CAF) envisage tr\u00e8s s\u00e9rieusement de revoir ses plans pour l\u2019\u00e9dition 2021 qui aura lieu [&hellip;]<\/p>\n","protected":false},"author":1969,"featured_media":0,"comment_status":"closed","ping_status":"closed","sticky":false,"template":"","format":"standard","meta":{"fifu_image_url":"","fifu_image_alt":"","footnotes":""},"categories":[82,78],"tags":[],"class_list":["post-68662","post","type-post","status-publish","format-standard","hentry","category-cameroun","category-economie"],"_links":{"self":[{"href":"https:\/\/linitiative.ca\/International\/wp-json\/wp\/v2\/posts\/68662","targetHints":{"allow":["GET"]}}],"collection":[{"href":"https:\/\/linitiative.ca\/International\/wp-json\/wp\/v2\/posts"}],"about":[{"href":"https:\/\/linitiative.ca\/International\/wp-json\/wp\/v2\/types\/post"}],"author":[{"embeddable":true,"href":"https:\/\/linitiative.ca\/International\/wp-json\/wp\/v2\/users\/1969"}],"replies":[{"embeddable":true,"href":"https:\/\/linitiative.ca\/International\/wp-json\/wp\/v2\/comments?post=68662"}],"version-history":[{"count":0,"href":"https:\/\/linitiative.ca\/International\/wp-json\/wp\/v2\/posts\/68662\/revisions"}],"wp:attachment":[{"href":"https:\/\/linitiative.ca\/International\/wp-json\/wp\/v2\/media?parent=68662"}],"wp:term":[{"taxonomy":"category","embeddable":true,"href":"https:\/\/linitiative.ca\/International\/wp-json\/wp\/v2\/categories?post=68662"},{"taxonomy":"post_tag","embeddable":true,"href":"https:\/\/linitiative.ca\/International\/wp-json\/wp\/v2\/tags?post=68662"}],"curies":[{"name":"wp","href":"https:\/\/api.w.org\/{rel}","templated":true}]}}