{"id":68664,"date":"2019-11-26T00:00:49","date_gmt":"2019-11-26T05:00:49","guid":{"rendered":"https:\/\/linitiative.ca\/International\/ces-greves-a-la-php-qui-menacent-les-exportations-de-banane-au-cameroun\/"},"modified":"2019-11-26T00:00:49","modified_gmt":"2019-11-26T05:00:49","slug":"ces-greves-a-la-php-qui-menacent-les-exportations-de-banane-au-cameroun","status":"publish","type":"post","link":"https:\/\/linitiative.ca\/International\/ces-greves-a-la-php-qui-menacent-les-exportations-de-banane-au-cameroun\/","title":{"rendered":"Ces gr\u00e8ves \u00e0 la PHP qui menacent les exportations de banane au Cameroun"},"content":{"rendered":"<p>On avait craint le pire. Heureusement, \u00e0 la suite d\u2019une concertation initi\u00e9e par le sous-pr\u00e9fet de <strong>Njomb\u00e9-Penja,<\/strong> <strong>Abdoul Aziz Kpoumie Njoya<\/strong>, entre\u00a0 les gr\u00e9vistes et la direction de <strong>PHP<\/strong>, un terrain d\u2019entente a pu \u00eatre trouv\u00e9, l\u2019entreprise ayant d\u00e9cid\u00e9 de suspendre son plan de licenciement et les employ\u00e9s invit\u00e9s \u00e0 regagner leur lieu de travail. En effet, les employ\u00e9s de la soci\u00e9t\u00e9 Plantation du Haut-Penja (PHP), filiale de <strong>la compagnie fran\u00e7aise fruiti\u00e8re de Marseille<\/strong>, ont observ\u00e9 une gr\u00e8ve depuis le 18 novembre dernier. L\u2019entreprise avait \u00e9tabli un plan de licenciement sur les <strong>7000 travailleurs<\/strong> qu\u2019elle compte. Et, ce sont plus de <strong>400 employ\u00e9s<\/strong> qui ont protest\u00e9 suite \u00e0 un plan de licenciement annonc\u00e9 par la PHP. \u00ab <em>Parmi nous, il y a des p\u00e8res de famille, il y en a qui ont cr\u00e9\u00e9 la plantation et y travaillent depuis <strong>34 ans<\/strong>. Aujourd\u2019hui, la soci\u00e9t\u00e9 d\u00e9cide de nous mettre dehors en donnant une somme de <strong>1 000 000 FCFA<\/strong>. C\u2019est pour aller o\u00f9 ?<\/em> \u00bb S\u2019interroge un employ\u00e9 de la soci\u00e9t\u00e9. La protestation concernait \u00e9galement les conditions de travail, jug\u00e9es mauvaises par ces employ\u00e9s. <em>\u00ab On dit que les heures de service vont de 8h \u00e0 16h par jour, mais la PHP nous utilise de 5h \u00e0 21h et nous paye les m\u00eames seulement 8h, sans prendre en compte les heures<\/em> \u00bb, d\u00e9nonce un autre employ\u00e9.<\/p>\n<hr\/>\n<h5>>> Lire aussi \u2013 <a href=\"https:\/\/ecomatin.net\/cdc-des-employes-en-greve-pour-13-mois-de-salaires-impayes\/\">CDC : des employ\u00e9s en gr\u00e8ve pour 13 mois de salaires impay\u00e9s<\/a><\/h5>\n<hr\/>\n<p>Ces tensions avaient\u00a0 fait craindre\u00a0 une chute de la production dans cet agroalimentaire qui, aujourd\u2019hui reste le leader du march\u00e9 camerounais d\u2019exportations de la banane, apr\u00e8s l\u2019arr\u00eat des activit\u00e9s de la Cameroon Development Corporation <strong>(CDC<\/strong>). Cette unit\u00e9 agro-industrielle publique, deuxi\u00e8me acteur du march\u00e9 de la banane au Cameroun, a disparu du fichier des exportateurs depuis un an maintenant. La CDC, dont les activit\u00e9s dans les plantations sont \u00e0 l\u2019arr\u00eat, paye le plus lourd tribut de la crise qui secoue les deux r\u00e9gions anglophones du Cameroun depuis <strong>3 ans<\/strong>. En effet, c\u2019est la PHP qui booste actuellement les exportations de bananes du Cameroun de plus de <strong>3200 tonnes<\/strong> en septembre 2019. La filiale locale de la Compagnie fruiti\u00e8re de Marseille, a exp\u00e9di\u00e9 <strong>16\u2009667 tonnes<\/strong> vers les march\u00e9s ext\u00e9rieurs au cours du mois de septembre 2019, contre <strong>13\u2009383 tonnes<\/strong> un an plus t\u00f4t. Ce qui r\u00e9v\u00e8le une augmentation des exportations de ce producteur de <strong>3\u2009284 tonnes<\/strong> sur une p\u00e9riode de <strong>12 mois<\/strong>.<\/p>\n<hr\/>\n<h5>>> Lire aussi \u2013<a href=\"https:\/\/ecomatin.net\/le-prix-de-la-banane-chute-a-505-fcfa-le-kilogramme-au-3e-trimestre-2019\/\">Le prix de la banane chute \u00e0 505 FCFA le kilogramme au 3e trimestre 2019<\/a><\/h5>\n<hr\/>\n<p>Les exportations de <strong>Boh Plantations<\/strong>, un autre acteur de cette fili\u00e8re, quant \u00e0 elles, ont connu une progression de <strong>570 tonnes<\/strong>, passant de <strong>1\u2009072 tonnes<\/strong> en septembre 2018, \u00e0 <strong>1\u2009642 tonnes<\/strong> un an plus tard, selon les statistiques publi\u00e9es par l\u2019Association banani\u00e8re du Cameroun (<strong>Assobacam<\/strong>). De mani\u00e8re globale, gr\u00e2ce \u00e0 la performance de la PHP, le Cameroun se maintient dans les rangs de pays exportateurs de banane.\u00a0 Ces exportations ont m\u00eame cr\u00fb de <strong>3\u2009854 tonnes,<\/strong> en comparaison avec les <strong>14\u2009455 tonnes<\/strong> export\u00e9es au cours du m\u00eame mois en 2018.<\/p>\n<p>Auteur: EcoMatin<br \/>\n<a href=\"https:\/\/ecomatin.net\/ces-greves-a-la-php-qui-menacent-les-exportations-de-banane-au-cameroun\/\">Cliquez ici pour lire l&rsquo;article depuis sa source.<\/a><\/p>\n","protected":false},"excerpt":{"rendered":"<p>On avait craint le pire. Heureusement, \u00e0 la suite d\u2019une concertation initi\u00e9e par le sous-pr\u00e9fet de Njomb\u00e9-Penja, Abdoul Aziz Kpoumie Njoya, entre\u00a0 les gr\u00e9vistes et la direction de PHP, un terrain d\u2019entente a pu \u00eatre trouv\u00e9, l\u2019entreprise ayant d\u00e9cid\u00e9 de suspendre son plan de licenciement et les employ\u00e9s invit\u00e9s \u00e0 regagner leur lieu de travail. [&hellip;]<\/p>\n","protected":false},"author":1969,"featured_media":0,"comment_status":"closed","ping_status":"closed","sticky":false,"template":"","format":"standard","meta":{"fifu_image_url":"","fifu_image_alt":"","footnotes":""},"categories":[82,78],"tags":[],"class_list":["post-68664","post","type-post","status-publish","format-standard","hentry","category-cameroun","category-economie"],"_links":{"self":[{"href":"https:\/\/linitiative.ca\/International\/wp-json\/wp\/v2\/posts\/68664","targetHints":{"allow":["GET"]}}],"collection":[{"href":"https:\/\/linitiative.ca\/International\/wp-json\/wp\/v2\/posts"}],"about":[{"href":"https:\/\/linitiative.ca\/International\/wp-json\/wp\/v2\/types\/post"}],"author":[{"embeddable":true,"href":"https:\/\/linitiative.ca\/International\/wp-json\/wp\/v2\/users\/1969"}],"replies":[{"embeddable":true,"href":"https:\/\/linitiative.ca\/International\/wp-json\/wp\/v2\/comments?post=68664"}],"version-history":[{"count":0,"href":"https:\/\/linitiative.ca\/International\/wp-json\/wp\/v2\/posts\/68664\/revisions"}],"wp:attachment":[{"href":"https:\/\/linitiative.ca\/International\/wp-json\/wp\/v2\/media?parent=68664"}],"wp:term":[{"taxonomy":"category","embeddable":true,"href":"https:\/\/linitiative.ca\/International\/wp-json\/wp\/v2\/categories?post=68664"},{"taxonomy":"post_tag","embeddable":true,"href":"https:\/\/linitiative.ca\/International\/wp-json\/wp\/v2\/tags?post=68664"}],"curies":[{"name":"wp","href":"https:\/\/api.w.org\/{rel}","templated":true}]}}