{"id":68666,"date":"2019-11-26T00:36:03","date_gmt":"2019-11-26T05:36:03","guid":{"rendered":"https:\/\/linitiative.ca\/International\/marche-du-cacao-la-bonne-saison-des-producteurs-camerounais\/"},"modified":"2019-11-26T00:36:03","modified_gmt":"2019-11-26T05:36:03","slug":"marche-du-cacao-la-bonne-saison-des-producteurs-camerounais","status":"publish","type":"post","link":"https:\/\/linitiative.ca\/International\/marche-du-cacao-la-bonne-saison-des-producteurs-camerounais\/","title":{"rendered":"March\u00e9 du cacao : la bonne saison des producteurs camerounais"},"content":{"rendered":"<div class=\"featured-area featured-area-inner\"><img loading=\"lazy\" decoding=\"async\" width=\"768\" height=\"405\" src=\"https:\/\/i2.wp.com\/ecomatin.net\/wp-content\/uploads\/2019\/11\/cacao.jpg?resize=768%2C405&#038;ssl=1&#038;is-pending-load=1\" class=\"attachment-jannah-image-post size-jannah-image-post wp-post-image jetpack-lazy-image\" alt=\"\" data-attachment-id=\"14951\" data-permalink=\"https:\/\/ecomatin.net\/marche-du-cacao-la-bonne-saison-des-producteurs-camerounais\/cacao-4\/\" data-orig-file=\"https:\/\/i2.wp.com\/ecomatin.net\/wp-content\/uploads\/2019\/11\/cacao.jpg?fit=768%2C512&#038;ssl=1\" data-orig-size=\"768,512\" data-comments-opened=\"0\" data-image-meta=\"{\"aperture\":\"0\",\"credit\":\"\",\"camera\":\"\",\"caption\":\"\",\"created_timestamp\":\"0\",\"copyright\":\"\",\"focal_length\":\"0\",\"iso\":\"0\",\"shutter_speed\":\"0\",\"title\":\"\",\"orientation\":\"0\"}\" data-image-title=\"cacao\" data-image-description=\"\" data-medium-file=\"https:\/\/i2.wp.com\/ecomatin.net\/wp-content\/uploads\/2019\/11\/cacao.jpg?fit=300%2C200&#038;ssl=1\" data-large-file=\"https:\/\/i2.wp.com\/ecomatin.net\/wp-content\/uploads\/2019\/11\/cacao.jpg?fit=768%2C512&#038;ssl=1\" srcset=\"data:image\/gif;base64,R0lGODlhAQABAIAAAAAAAP\/\/\/yH5BAEAAAAALAAAAAABAAEAAAIBRAA7\"\/><\/div>\n<div class=\"entry-content entry clearfix\" readability=\"66.4434477379\">\n<p>Il \u00e9tait d\u00e9j\u00e0 \u00e0 <strong>1220 FCFA<\/strong> depuis le 28 octobre 2019, contre un minimum de <strong>1050 FCFA<\/strong>. Les analystes les plus optimistes projettent m\u00eame un prix moyen \u00e0 <strong>1500 FCFA<\/strong>, d\u2019ici le mois de d\u00e9cembre 2019. Les producteurs de cacao au Cameroun semblent donc surfer sur une bonne vague. Selon les donn\u00e9es du Syst\u00e8me d\u2019information des fili\u00e8res (<strong>SIF),<\/strong> les prix bord champs des f\u00e8ves ont atteint un maximum de <strong>1250 FCFA le kilogramme<\/strong>, le 21 novembre 2019, contre <strong>1220 FCFA<\/strong> depuis le d\u00e9but du mois. Cette hausse de <strong>30 FCFA<\/strong> enregistr\u00e9e dans les bassins de production du pays survient \u00e0 la fin de la saison des pluies. Elle annonce une embellie dans les ventes de fin d\u2019ann\u00e9e. Ces prix sont le reflet de la croissance de la demande, avec l\u2019arriv\u00e9e de nouveaux transformateurs dans le pays. Il en est ainsi de <strong>Neo Industry<\/strong>, qui a lanc\u00e9 ses activit\u00e9s dans la r\u00e9gion de l\u2019Ouest, ou encore <strong>d\u2019Atlantic Cocoa<\/strong>, qui pr\u00e9pare le d\u00e9marrage de ses \u00e9quipements dans la zone industrielle du port en eau profonde de Kribi, dans la r\u00e9gion du Sud, qui ambitionne de broyer pr\u00e8s de <strong>40\u2009000 tonnes<\/strong> par an dans l\u2019enceinte du complexe industrialo-portuaire de Kribi.<\/p>\n<hr\/>\n<h5>>> Lire aussi \u2013 <a href=\"https:\/\/ecomatin.net\/cacao-cafe-des-milliards-en-fumee\/\">Cacao-caf\u00e9 : des milliards en fum\u00e9e<\/a><\/h5>\n<hr\/>\n<p>La forte demande de f\u00e8ves observ\u00e9e dans les bassins de production du Cameroun, laquelle va s\u2019accentuer au cours des prochaines semaines, selon les experts de la fili\u00e8re cacao, s\u2019explique aussi par l\u2019acc\u00e8s difficile \u00e0 la r\u00e9gion du Sud-Ouest. Cet important bassin de production est en proie en l\u2019ins\u00e9curit\u00e9 depuis 2016, en raison de la crise anglophone qui s\u00e9vit dans le pays. Au cours de la derni\u00e8re campagne, cette situation a d\u2019ailleurs fait perdre \u00e0 cette r\u00e9gion, son leadership dans la production cacaoy\u00e8re, au profit de celle du Centre. En d\u00e9pit donc de l\u2019impraticabilit\u00e9 des routes, les acheteurs de cacao au Cameroun se sont donc h\u00e2t\u00e9s dans les bassins de production, pour faire des stocks avant l\u2019arriv\u00e9e de la saison s\u00e8che, d\u2019ici le 15 novembre 2019. Cette p\u00e9riode de l\u2019ann\u00e9e est g\u00e9n\u00e9ralement marqu\u00e9e par une rude concurrence dans les achats de f\u00e8ves.<\/p>\n<hr\/>\n<h5>>> Lire aussi \u2013<a href=\"https:\/\/ecomatin.net\/transformation-locale-ces-produits-derives-du-cacao-peu-connus-du-grand-public\/\">Ces produits d\u00e9riv\u00e9s du cacao peu connus du grand public<\/a><\/h5>\n<hr\/>\n<p>Pour se mettre \u00e0 l\u2019abri d\u2019une \u00e9ventuelle flamb\u00e9e du prix des f\u00e8ves du fait de la forte demande au cours de cette p\u00e9riode, les acheteurs, qui ont d\u00e9j\u00e0 \u00e9t\u00e9 tr\u00e8s g\u00e9n\u00e9reux durant toute la saison des pluies en maintenant les prix moyens des f\u00e8ves au-dessus de la barre de <strong>1000 FCFA<\/strong> le kilogramme, ont de nouveau cass\u00e9 leur tirelire ces derniers jours.<\/p>\n<\/div>\n<p>Auteur: EcoMatin<br \/>\n<a href=\"https:\/\/ecomatin.net\/marche-du-cacao-la-bonne-saison-des-producteurs-camerounais\/\">Cliquez ici pour lire l&rsquo;article depuis sa source.<\/a><\/p>\n","protected":false},"excerpt":{"rendered":"<p>Il \u00e9tait d\u00e9j\u00e0 \u00e0 1220 FCFA depuis le 28 octobre 2019, contre un minimum de 1050 FCFA. Les analystes les plus optimistes projettent m\u00eame un prix moyen \u00e0 1500 FCFA, d\u2019ici le mois de d\u00e9cembre 2019. Les producteurs de cacao au Cameroun semblent donc surfer sur une bonne vague. Selon les donn\u00e9es du Syst\u00e8me d\u2019information [&hellip;]<\/p>\n","protected":false},"author":1969,"featured_media":0,"comment_status":"closed","ping_status":"closed","sticky":false,"template":"","format":"standard","meta":{"fifu_image_url":"","fifu_image_alt":"","footnotes":""},"categories":[82,78],"tags":[],"class_list":["post-68666","post","type-post","status-publish","format-standard","hentry","category-cameroun","category-economie"],"_links":{"self":[{"href":"https:\/\/linitiative.ca\/International\/wp-json\/wp\/v2\/posts\/68666","targetHints":{"allow":["GET"]}}],"collection":[{"href":"https:\/\/linitiative.ca\/International\/wp-json\/wp\/v2\/posts"}],"about":[{"href":"https:\/\/linitiative.ca\/International\/wp-json\/wp\/v2\/types\/post"}],"author":[{"embeddable":true,"href":"https:\/\/linitiative.ca\/International\/wp-json\/wp\/v2\/users\/1969"}],"replies":[{"embeddable":true,"href":"https:\/\/linitiative.ca\/International\/wp-json\/wp\/v2\/comments?post=68666"}],"version-history":[{"count":0,"href":"https:\/\/linitiative.ca\/International\/wp-json\/wp\/v2\/posts\/68666\/revisions"}],"wp:attachment":[{"href":"https:\/\/linitiative.ca\/International\/wp-json\/wp\/v2\/media?parent=68666"}],"wp:term":[{"taxonomy":"category","embeddable":true,"href":"https:\/\/linitiative.ca\/International\/wp-json\/wp\/v2\/categories?post=68666"},{"taxonomy":"post_tag","embeddable":true,"href":"https:\/\/linitiative.ca\/International\/wp-json\/wp\/v2\/tags?post=68666"}],"curies":[{"name":"wp","href":"https:\/\/api.w.org\/{rel}","templated":true}]}}