{"id":68669,"date":"2019-11-27T09:00:06","date_gmt":"2019-11-27T14:00:06","guid":{"rendered":"https:\/\/linitiative.ca\/International\/2eme-festival-du-theatre-a-meknes-des-troupes-de-10-pays-se-produisent-dans-7-espaces\/"},"modified":"2019-11-27T09:00:06","modified_gmt":"2019-11-27T14:00:06","slug":"2eme-festival-du-theatre-a-meknes-des-troupes-de-10-pays-se-produisent-dans-7-espaces","status":"publish","type":"post","link":"https:\/\/linitiative.ca\/International\/2eme-festival-du-theatre-a-meknes-des-troupes-de-10-pays-se-produisent-dans-7-espaces\/","title":{"rendered":"2\u00e8me Festival du th\u00e9\u00e2tre \u00e0 Mekn\u00e8s : Des troupes de 10 pays se produisent dans 7 espaces"},"content":{"rendered":"<p><img decoding=\"async\" class=\"post_layout_5_img\" src=\"http:\/\/aujourdhui.ma\/wp-content\/uploads\/2019\/11\/2e%CC%80me-Festival-du-the%CC%81a%CC%82tre-a%CC%80-Mekne%CC%80s.jpg?x29840\" alt=\"2\u00e8me Festival du th\u00e9\u00e2tre \u00e0 Mekn\u00e8s : Des troupes de 10 pays se produisent dans 7 espaces\"\/><\/p>\n<p class=\"p1\"><span class=\"s1\"><span class=\"c4\"><strong>Le 2\u00e8me Festival du th\u00e9\u00e2tre \u00e0 Mekn\u00e8s, pr\u00e9vu du 28 novembre au 3 d\u00e9cembre et initi\u00e9 par la troupe de th\u00e9\u00e2tre Chamate<em>, \u00abse tiendra dans 7 espaces de la ville et sera marqu\u00e9 par la participation d\u2019une dizaine de pays\u00bb.<\/em><\/strong><\/span><\/span> <span id=\"more-324756\"\/><\/p>\n<p class=\"p1\"><span class=\"s1\">Les participants \u00e9tant, selon Bouselham Daif, metteur en sc\u00e8ne et fondateur de cette troupe, la Tunisie, l\u2019Egypte, l\u2019Alg\u00e9rie, l\u2019Espagne, le Mali, le S\u00e9n\u00e9gal, la Lituanie, l\u2019Iran, la France et l\u2019Italie.<\/span><\/p>\n<p class=\"p1\"><span class=\"s1\">Aussi, cette manifestation, qui se d\u00e9roulera \u00e9galement dans des sites historiques, se distingue par la remise du prix Hassan Elmniai de la critique destin\u00e9 \u00e0 promouvoir la critique th\u00e9\u00e2trale. Ce Prix rend \u00e9galement hommage \u00e0 Hassan Elmniai, v\u00e9ritable r\u00e9f\u00e9rence de la critique th\u00e9\u00e2trale au Maroc et dans le monde arabe.<\/span><\/p>\n<p class=\"p1\"><span class=\"s1\">Outre cette programmation, le festival sera jalonn\u00e9 d\u2019ateliers de formation, de rencontres ouvertes avec des dramaturges et des artistes ainsi que d\u2019expositions. De plus, cet \u00e9v\u00e9nement ambitionne de cr\u00e9er, au fil des ann\u00e9es, un \u00e9change entre les exp\u00e9riences th\u00e9\u00e2trales africaines et les sc\u00e8nes mondiales. Chose qui se manifeste \u00e0 travers le programme de cette deuxi\u00e8me \u00e9dition. Ainsi, le bal sera ouvert, le 28 novembre au centre culturel Mohamed El Menouni, par la pi\u00e8ce de th\u00e9\u00e2tre \u00abLes Murs\u00bb qui sera interpr\u00e9t\u00e9e par une troupe s\u00e9n\u00e9galo-malienne en soir\u00e9e apr\u00e8s la remise du Prix et l\u2019hommage qui sera rendu \u00e0 des artistes nationaux et \u00e9trangers. Dans la journ\u00e9e, un camion-th\u00e9\u00e2tre, dans la place N\u00eemes, abritera des ateliers et un spectacle th\u00e9\u00e2tral ainsi que d\u2019autres activit\u00e9s au cours du festival.<\/span><\/p>\n<p class=\"p1\"><span class=\"s1\">Le lendemain, les planches du centre culturel Fendek El Henna seront garnies par la pr\u00e9sentation de la pi\u00e8ce \u00abIsolement\u00bb par la troupe oujdie Comedrama. Dans la m\u00eame journ\u00e9e, la troupe espagnole, Sols Teatre, interpr\u00e9tera l\u2019\u0153uvre \u00abElverideltheatre\u00bb dans la salle Sijilmassi. En soir\u00e9e, la troupe belge 1984 jouera \u00abLa bo\u00eete\u00bb. Dans la journ\u00e9e du 30 novembre, l\u2019ex-directeur de la Maison Jean Vilar, Jacques Th\u00e9phany, donnera une conf\u00e9rence sur la d\u00e9centralisation th\u00e9\u00e2trale \u00e0 l\u2019Institut fran\u00e7ais qui abritera la pr\u00e9sentation de la pi\u00e8ce \u00ab Le jeu des roses\u00bb sur une adaptation de \u00abRom\u00e9o et Juliette\u00bb par la troupe italienne, Costellazione. Le 1er d\u00e9cembre, des publications en th\u00e9\u00e2tre seront sign\u00e9es sur la place Lahdim o\u00f9 la troupe franco-alg\u00e9rienne \u00abClin d\u2019\u0153il\u00bb jouera \u00abIn God we trust\u00bb.<\/span><\/p>\n<p class=\"p1\"><span class=\"s1\">Dans le monument historique \u00abSijn Karra\u00bb, la troupe lituanienne interpr\u00e9tera \u00abMedia\u00bb. Entre autres, la troupe iranienne Myth jouera, le 2 d\u00e9cembre, \u00abLe 40\u00e8me homme ou la 28\u00e8me femme\u00bb. A son tour, la troupe \u00e9gyptienne \u00abAttali\u00e2a\u00bb (L\u2019avant-garde) pr\u00e9sentera \u00abYawma Katalou alghinae\u00bb (Quand on a tu\u00e9 le chant). Et ce sera au tour de la troupe tunisienne \u00abLif\u00bb de cl\u00f4turer le festival, le 3 d\u00e9cembre, par la pi\u00e8ce \u00ab Layssa baad \u00bb (Pas encore). Interrog\u00e9 \u00e0 propos du budget, M. Daif indique qu\u2019il est minime. <em>\u00abPour l\u2019heure, nous avons eu la contribution de la commune. Nous attendons celle du minist\u00e8re de la culture et de la r\u00e9gion de F\u00e8s-Mekn\u00e8s\u00bb<\/em>, d\u00e9taille-t-il.<span class=\"Apple-converted-space\">\u00a0 \u00a0<\/span><\/span><\/p>\n<p class=\"p1\"><span class=\"s1\">Pour rappel, la troupe initiatrice de l\u2019\u00e9v\u00e9nement, en partenariat \u00e9galement avec l\u2019Institut fran\u00e7ais de Mekn\u00e8s et le conseil provincial, avait lanc\u00e9 un appel \u00e0 candidature au Prix Hassan Elmniai qui a pris fin au d\u00e9but novembre.\u00a0<\/span><\/p>\n<p>Auteur: Salima Guisser<br \/>\n<a href=\"http:\/\/aujourdhui.ma\/culture\/2eme-festival-du-theatre-a-meknes-des-troupes-de-10-pays-se-produisent-dans-7-espaces\">Cliquez ici pour lire l&rsquo;article depuis sa source.<\/a><\/p>\n","protected":false},"excerpt":{"rendered":"<p>Le 2\u00e8me Festival du th\u00e9\u00e2tre \u00e0 Mekn\u00e8s, pr\u00e9vu du 28 novembre au 3 d\u00e9cembre et initi\u00e9 par la troupe de th\u00e9\u00e2tre Chamate, \u00abse tiendra dans 7 espaces de la ville et sera marqu\u00e9 par la participation d\u2019une dizaine de pays\u00bb. Les participants \u00e9tant, selon Bouselham Daif, metteur en sc\u00e8ne et fondateur de cette troupe, la [&hellip;]<\/p>\n","protected":false},"author":1759,"featured_media":0,"comment_status":"closed","ping_status":"closed","sticky":false,"template":"","format":"standard","meta":{"fifu_image_url":"","fifu_image_alt":"","footnotes":""},"categories":[73,54],"tags":[],"class_list":["post-68669","post","type-post","status-publish","format-standard","hentry","category-actualite","category-maroc"],"_links":{"self":[{"href":"https:\/\/linitiative.ca\/International\/wp-json\/wp\/v2\/posts\/68669","targetHints":{"allow":["GET"]}}],"collection":[{"href":"https:\/\/linitiative.ca\/International\/wp-json\/wp\/v2\/posts"}],"about":[{"href":"https:\/\/linitiative.ca\/International\/wp-json\/wp\/v2\/types\/post"}],"author":[{"embeddable":true,"href":"https:\/\/linitiative.ca\/International\/wp-json\/wp\/v2\/users\/1759"}],"replies":[{"embeddable":true,"href":"https:\/\/linitiative.ca\/International\/wp-json\/wp\/v2\/comments?post=68669"}],"version-history":[{"count":0,"href":"https:\/\/linitiative.ca\/International\/wp-json\/wp\/v2\/posts\/68669\/revisions"}],"wp:attachment":[{"href":"https:\/\/linitiative.ca\/International\/wp-json\/wp\/v2\/media?parent=68669"}],"wp:term":[{"taxonomy":"category","embeddable":true,"href":"https:\/\/linitiative.ca\/International\/wp-json\/wp\/v2\/categories?post=68669"},{"taxonomy":"post_tag","embeddable":true,"href":"https:\/\/linitiative.ca\/International\/wp-json\/wp\/v2\/tags?post=68669"}],"curies":[{"name":"wp","href":"https:\/\/api.w.org\/{rel}","templated":true}]}}