{"id":68673,"date":"2019-11-27T05:49:38","date_gmt":"2019-11-27T10:49:38","guid":{"rendered":"https:\/\/linitiative.ca\/International\/un-president-du-sud-perd-le-nord\/"},"modified":"2019-11-27T05:49:38","modified_gmt":"2019-11-27T10:49:38","slug":"un-president-du-sud-perd-le-nord","status":"publish","type":"post","link":"https:\/\/linitiative.ca\/International\/un-president-du-sud-perd-le-nord\/","title":{"rendered":"Un pr\u00e9sident du SUD perd le NORD!"},"content":{"rendered":"<p class=\"has-text-color has-vivid-cyan-blue-color\"><strong>\u00c0 maintes reprises, on avait \u00e9voqu\u00e9 la s\u00e9rie de caprices du pr\u00e9sident de Dr\u00e2a Tafilalet. On se d\u00e9solera aupr\u00e8s des lecteurs d\u2019avoir trop lass\u00e9 leur attention de cette multitude de grabuges. Mais, le devoir de d\u00e9noncer interpelle, \u00e0 chaque fois. Cette fois encore, lors de la session extraordinaire du conseil r\u00e9gional, le pr\u00e9sident s\u2019est montr\u00e9, une fois n\u2019est pas coutume, compl\u00e8tement vide de bon sens.<\/strong><\/p>\n<p>Tout d\u2019abord, il s\u2019en prenait au public qu\u2019il accusait de s\u2019\u00eatre \u00abpay\u00e9\u00bb par l\u2019opposition pour se pr\u00e9senter dans la salle en supporters. Ensuite, il en voulait aux membres r\u00e9fractaires, les taxant d\u2019incultes, en cours de connaissances. A le voir tirer sur tout ce qui bouge, le pr\u00e9sident donne bien l\u2019impression d\u2019un serpent \u00e9t\u00eat\u00e9 dont la queue se tortille aux derniers soupirs.<\/p>\n<p>On rappellera qu\u2019il avait cumul\u00e9, en vrac, des gabegies qui finalement, ont fait fuir sa majorit\u00e9 pour se retrouver solidaire avec son groupe, en plus d\u2019un opportuniste, ne d\u00e9passant gu\u00e8re les douze membres. Durant plus de trois ans, il avait persist\u00e9 de garder la commission financi\u00e8re sans pr\u00e9sident, avec pr\u00e9m\u00e9ditation, alors que le conseil avait vot\u00e9 \u00e0 l\u2019unanimit\u00e9, de l\u2019attribuer \u00e0 l\u2019opposition comme le stipule le r\u00e8glement en vigueur.<\/p>\n<p>Depuis, ladite commission est constamment g\u00e9r\u00e9e par \u00a0deux membres de sa propre ob\u00e9dience politique. Comment le conseil se permettrait-il de valider un bilan financier dont les auteurs ne sont pas habilit\u00e9s \u00e0 le faire\u00a0? D\u2019autre part, le pr\u00e9sident n\u2019a gu\u00e8re pris la peine de convoquer les membres du bureau pour examiner le budget, ce qui avait enfreint syst\u00e9matiquement la loi, \u00e0 l\u2019image de ses actes relatifs \u00e0 l\u2019appui des associations dont le dossier n\u2019a nullement \u00e9t\u00e9 pr\u00e9sent\u00e9, de prime abord, \u00e0 la commission sp\u00e9cifique.<\/p>\n<p>Dans le m\u00eame ordre d\u2019id\u00e9es, on reprochera au pr\u00e9sident de s\u2019abstenir \u00e0 pr\u00e9senter des justificatifs des d\u00e9penses de budget afin de prendre connaissance de son sort. D\u2019autant plus que tout le monde est persuad\u00e9 que le budget en possession du \u00a0pr\u00e9sident, sans aucune approche inclusive, ne m\u00e8ne point \u00e0 aucun d\u00e9veloppement, se r\u00e9f\u00e9rant aux rapports communs des minist\u00e8res de l\u2019Int\u00e9rieur et des finances, notamment les fameux 64 points et le dossier du transport scolaire, ainsi que celui des structures associatives\u2026<\/p>\n<p>Par ailleurs, on se demandera pourquoi le pr\u00e9sident s\u2019est acharn\u00e9 \u00e0 ne pas faire \u00e9lire le poste vacant de vice-pr\u00e9sident et de pr\u00e9sident de la commission financi\u00e8re, sinon de faire usage de deux cartes par le biais desquelles, il ne cesse de faire chanter les pr\u00e9tendants. Enfin, on d\u00e9plorera le fait qu\u2019il fait tomber \u00e0 l\u2019eau les int\u00e9r\u00eats voire les droits des populations de la r\u00e9gion de Dr\u00e2a Tafilalet, par le report r\u00e9p\u00e9titif et artificiel des sessions pour des raisons anodines.<\/p>\n<p>Apr\u00e8s maints avortements, la derni\u00e8re s\u2019est sold\u00e9e parla mise \u00e0 l\u2019\u00e9chec de l\u2019adoption du budget unilat\u00e9ral et, en cons\u00e9quence, le blocage et la privation soumis \u00e0 une r\u00e9gion orpheline d\u2019un gestionnaire susceptible de combler ses attentes et aspirations. Il aura assum\u00e9 ses responsabilit\u00e9s, car l\u2019opposition ne saurait cautionner un budget mont\u00e9 \u00e0 son bon vouloir, sans faire participer la majorit\u00e9 du conseil lors de son \u00e9laboration.<\/p>\n<p>Auteur: M&rsquo;hammed rahal<br \/>\n<a href=\"http:\/\/albayane.press.ma\/un-president-du-sud-perd-le-nord.html\">Cliquez ici pour lire l&rsquo;article depuis sa source.<\/a><\/p>\n","protected":false},"excerpt":{"rendered":"<p>\u00c0 maintes reprises, on avait \u00e9voqu\u00e9 la s\u00e9rie de caprices du pr\u00e9sident de Dr\u00e2a Tafilalet. On se d\u00e9solera aupr\u00e8s des lecteurs d\u2019avoir trop lass\u00e9 leur attention de cette multitude de grabuges. Mais, le devoir de d\u00e9noncer interpelle, \u00e0 chaque fois. Cette fois encore, lors de la session extraordinaire du conseil r\u00e9gional, le pr\u00e9sident s\u2019est montr\u00e9, [&hellip;]<\/p>\n","protected":false},"author":1760,"featured_media":0,"comment_status":"closed","ping_status":"closed","sticky":false,"template":"","format":"standard","meta":{"fifu_image_url":"","fifu_image_alt":"","footnotes":""},"categories":[73,54],"tags":[],"class_list":["post-68673","post","type-post","status-publish","format-standard","hentry","category-actualite","category-maroc"],"_links":{"self":[{"href":"https:\/\/linitiative.ca\/International\/wp-json\/wp\/v2\/posts\/68673","targetHints":{"allow":["GET"]}}],"collection":[{"href":"https:\/\/linitiative.ca\/International\/wp-json\/wp\/v2\/posts"}],"about":[{"href":"https:\/\/linitiative.ca\/International\/wp-json\/wp\/v2\/types\/post"}],"author":[{"embeddable":true,"href":"https:\/\/linitiative.ca\/International\/wp-json\/wp\/v2\/users\/1760"}],"replies":[{"embeddable":true,"href":"https:\/\/linitiative.ca\/International\/wp-json\/wp\/v2\/comments?post=68673"}],"version-history":[{"count":0,"href":"https:\/\/linitiative.ca\/International\/wp-json\/wp\/v2\/posts\/68673\/revisions"}],"wp:attachment":[{"href":"https:\/\/linitiative.ca\/International\/wp-json\/wp\/v2\/media?parent=68673"}],"wp:term":[{"taxonomy":"category","embeddable":true,"href":"https:\/\/linitiative.ca\/International\/wp-json\/wp\/v2\/categories?post=68673"},{"taxonomy":"post_tag","embeddable":true,"href":"https:\/\/linitiative.ca\/International\/wp-json\/wp\/v2\/tags?post=68673"}],"curies":[{"name":"wp","href":"https:\/\/api.w.org\/{rel}","templated":true}]}}