{"id":68674,"date":"2019-11-27T06:00:35","date_gmt":"2019-11-27T11:00:35","guid":{"rendered":"https:\/\/linitiative.ca\/International\/le-caid-dimouzzer-fait-des-siennes\/"},"modified":"2019-11-27T06:00:35","modified_gmt":"2019-11-27T11:00:35","slug":"le-caid-dimouzzer-fait-des-siennes","status":"publish","type":"post","link":"https:\/\/linitiative.ca\/International\/le-caid-dimouzzer-fait-des-siennes\/","title":{"rendered":"Le Ca\u00efd d\u2019Imouzzer fait des siennes!"},"content":{"rendered":"<p class=\"has-text-color has-vivid-cyan-blue-color c2\"><strong><em>Au moment o\u00f9 on croyait que l\u2019Autorit\u00e9 a d\u00e9pass\u00e9 certaines pratiques r\u00e9volues dans le parcours de la construction d\u00e9mocratique de notre pays, le Ca\u00efd d\u2019Imouzzer en semble nostalgique, \u00e0 plus d\u2019un titre. Il prend le PPS pour cible afin de fausser cette valeur d\u00e9mocratique, en pleine construction.<\/em><\/strong><\/p>\n<p>Sans nul scrupule, il se payait froidement le luxe de priver le parti du Livre du droit de pr\u00e9senter son candidat aux \u00e9lections partielles, cat\u00e9gorie agriculture, \u00e0 la circonscription num\u00e9ro 4 \u00e0 la commune territoriale de Tiqui, relevant de la pr\u00e9fecture d\u2019Agadir Ida Outanane.<\/p>\n<p>Alors que la p\u00e9riode de d\u00e9p\u00f4t l\u00e9gal des candidatures au poste allait expirer, le Ca\u00efd ne trouvait mieux que de s\u2019absenter durant toute la matin\u00e9e du lundi 25 novembre, date limite de l\u2019op\u00e9ration, \u00e0 midi pr\u00e9cis. Le candidat du PPS, en compagnie de deux membres de la section pr\u00e9fectorale \u00e9taient au si\u00e8ge de la Ca\u00efdat, depuis huit heures.<\/p>\n<p>Le ca\u00efd, par contre, \u00e9tait aux abonn\u00e9s absents, pendant quasiment toute cette matin\u00e9e cruciale. A neuf heures, l\u2019un des membres eut au bout du fil le Ca\u00efd pour lui signifier qu\u2019il aurait besoin,en extr\u00eame urgence,d\u2019une attestation administrative en vue de compl\u00e9ter le dossier de candidature. Cet appel \u00e9tait carr\u00e9ment jet\u00e9 \u00e0 la poubelle, puisque le Ca\u00efd qui avait pr\u00e9tendu se rendre \u00e0 la h\u00e2te au si\u00e8ge de la Ca\u00efdat, a d\u00fb temporiser encore davantage, \u00e0 l\u2019approche de la pendule fatale.<\/p>\n<p>Une heure plus tard, le secr\u00e9taire pr\u00e9fectoral lui t\u00e9l\u00e9phonait pour le prier d\u2019aller sur les lieux, lib\u00e9rer cette urgence, mais le Ca\u00efd savourait le sadique plaisir de faire peiner ses interlocuteurs en d\u00e9tresse.<\/p>\n<p>Il ne se pr\u00e9sentait alors que vers 11h 53 mn \u00e0 la Ca\u00efdat pour examiner le dossier et annon\u00e7ait, tel un couperet sur le cou de ses vis-\u00e0-vis, \u00e0 12h 05 mn, que le temps du d\u00e9p\u00f4t \u00e9tait expir\u00e9, \u00e0 la grande d\u00e9ception du candidat et de ses comp\u00e8res.<\/p>\n<p>Voil\u00e0 donc le r\u00e9cit chronologique de ce comportement abominable\u00a0 d\u2019un agent de l\u2019Autorit\u00e9 cynique qui faisait attendre ses victimes, pendant des heures pour leur refuser un dossier auquel il manquait un simple document relevant de son ressort.<\/p>\n<p>Cette attitude dict\u00e9e apparemment par la nature d\u2019une autre candidature qui avait \u00e9t\u00e9, sans doute, parachut\u00e9e dans la commune sans aucun lien originaire, s\u2019av\u00e8re insens\u00e9e et condamnable. Elle augure d\u2019un proche avenir, entach\u00e9 de partialit\u00e9 et de complaisance \u00e0 l\u2019\u00e9gard du parti traditionnellement implant\u00e9 dans la r\u00e9gion des Ida Outanane. On ne peut alors que tirer l\u2019alarme de rejet \u00e9nergique de ces manies attentatoires \u00e0 l\u2019\u00e9quit\u00e9 et l\u2019\u00e9thique dans un pays de Droit et d\u2019Institutions.<\/p>\n<p>Face \u00e0 cet agissement ignoble du Ca\u00efd, le PPS se r\u00e9serve le droit d\u2019aller jusqu\u2019au bout de ses actions que lui permettent les lois en vigueur pour d\u00e9noncer ces d\u00e9pravations \u00e9lectorales qui se pointent \u00e0 l\u2019horizon, au vu de cet \u00e9chantillon surann\u00e9 du Ca\u00efd de la localit\u00e9 d\u2019Imouzzer.<\/p>\n<p class=\"c2\"><strong>Saoudi El Amalki<\/strong><\/p>\n<p>Auteur: M&rsquo;hammed rahal<br \/>\n<a href=\"http:\/\/albayane.press.ma\/le-caid-dimouzzer-fait-des-siennes.html\">Cliquez ici pour lire l&rsquo;article depuis sa source.<\/a><\/p>\n","protected":false},"excerpt":{"rendered":"<p>Au moment o\u00f9 on croyait que l\u2019Autorit\u00e9 a d\u00e9pass\u00e9 certaines pratiques r\u00e9volues dans le parcours de la construction d\u00e9mocratique de notre pays, le Ca\u00efd d\u2019Imouzzer en semble nostalgique, \u00e0 plus d\u2019un titre. Il prend le PPS pour cible afin de fausser cette valeur d\u00e9mocratique, en pleine construction. Sans nul scrupule, il se payait froidement le [&hellip;]<\/p>\n","protected":false},"author":1760,"featured_media":0,"comment_status":"closed","ping_status":"closed","sticky":false,"template":"","format":"standard","meta":{"fifu_image_url":"","fifu_image_alt":"","footnotes":""},"categories":[73,54],"tags":[],"class_list":["post-68674","post","type-post","status-publish","format-standard","hentry","category-actualite","category-maroc"],"_links":{"self":[{"href":"https:\/\/linitiative.ca\/International\/wp-json\/wp\/v2\/posts\/68674","targetHints":{"allow":["GET"]}}],"collection":[{"href":"https:\/\/linitiative.ca\/International\/wp-json\/wp\/v2\/posts"}],"about":[{"href":"https:\/\/linitiative.ca\/International\/wp-json\/wp\/v2\/types\/post"}],"author":[{"embeddable":true,"href":"https:\/\/linitiative.ca\/International\/wp-json\/wp\/v2\/users\/1760"}],"replies":[{"embeddable":true,"href":"https:\/\/linitiative.ca\/International\/wp-json\/wp\/v2\/comments?post=68674"}],"version-history":[{"count":0,"href":"https:\/\/linitiative.ca\/International\/wp-json\/wp\/v2\/posts\/68674\/revisions"}],"wp:attachment":[{"href":"https:\/\/linitiative.ca\/International\/wp-json\/wp\/v2\/media?parent=68674"}],"wp:term":[{"taxonomy":"category","embeddable":true,"href":"https:\/\/linitiative.ca\/International\/wp-json\/wp\/v2\/categories?post=68674"},{"taxonomy":"post_tag","embeddable":true,"href":"https:\/\/linitiative.ca\/International\/wp-json\/wp\/v2\/tags?post=68674"}],"curies":[{"name":"wp","href":"https:\/\/api.w.org\/{rel}","templated":true}]}}