{"id":68675,"date":"2019-11-27T06:11:58","date_gmt":"2019-11-27T11:11:58","guid":{"rendered":"https:\/\/linitiative.ca\/International\/mi-figue-mi-raisin%ef%bb%bf\/"},"modified":"2019-11-27T06:11:58","modified_gmt":"2019-11-27T11:11:58","slug":"mi-figue-mi-raisin%ef%bb%bf","status":"publish","type":"post","link":"https:\/\/linitiative.ca\/International\/mi-figue-mi-raisin%ef%bb%bf\/","title":{"rendered":"Mi-figue, mi-raisin\ufeff"},"content":{"rendered":"<p class=\"has-text-color has-background has-very-dark-gray-color has-very-light-gray-background-color c2\"><strong>Par : Abdeslam Seddiki<\/strong><\/p>\n<p class=\"has-text-color has-background has-very-light-gray-color has-vivid-cyan-blue-background-color\"><strong>Mi-figue, mi-raisin, telle est l\u2019impression qui se d\u00e9gage\u00a0 du dernier rapport que vient de publier l\u2019IRES (Institut Royal des Etudes Strat\u00e9giques) sur \u00abEvolution du \u00a0positionnement International\u00a0 du Maroc\u00bb.<\/strong><\/p>\n<p>Ce tableau de bord strat\u00e9gique, qui est \u00e0 sa 7\u00e8me \u00e9dition, \u00a0constitue, de l\u2019avis de ses r\u00e9dacteurs, \u00abun outil permettant de donner un aper\u00e7u du positionnement du Maroc sur le plan international dans les domaines politique, \u00e9conomique, social, culturel et environnemental\u00bb. Il analyse pr\u00e8s de 190 indicateurs strat\u00e9giques, class\u00e9s selon les dix domaines de veille strat\u00e9gique (DVS) de l\u2019Institut.<\/p>\n<p>Ces derniers sont comme suit: l\u2019ind\u00e9pendance relative des ressources strat\u00e9giques, l\u2019int\u00e9grit\u00e9 territoriale du pays, le capital social, le syst\u00e8me de gouvernance, les effets du changement climatique, l\u2019insertion du pays dans le nouvel ordre g\u00e9o\u00e9conomique et g\u00e9ostrat\u00e9gique mondial, les migrations internationales, le d\u00e9veloppement territorial du pays, l\u2019insertion du Maroc dans l\u2019\u00e9conomie mondiale du savoir, les \u00e9volutions soci\u00e9tales nationales et internationales.<\/p>\n<p>Les indicateurs retenus sont pr\u00e9sent\u00e9s sous une forme didactique et p\u00e9dagogique agr\u00e9able \u00e0 voir et facile \u00e0 lire. Pour chaque indicateur, il est consacr\u00e9 pas plus d\u2019une demi-page avec une pr\u00e9sentation sch\u00e9matique lisible \u00e0 premi\u00e8re vue et un commentaire aussi concis et circonscrit que possible. Pour les non-initi\u00e9s, un glossaire, portant sur les d\u00e9finitions, telles qu\u2019\u00e9tablies par les organisations nationales et internationales, de l\u2019ensemble des indicateurs composant le tableau de bord strat\u00e9gique, figure en annexe du document.<\/p>\n<p>Il faut rappeler que les donn\u00e9es utilis\u00e9es sont emprunt\u00e9es aux organismes nationaux et internationaux qui les produisent chacun dans son domaine. L\u2019IRES se charge de les classer en fonction de la m\u00e9thodologie retenue et de les commenter selon une approche comparative qui lui est propre.\u00a0 Et c\u2019est d\u00e9j\u00e0 un travail colossal \u00e0 mettre \u00e0 son actif. D\u2019ailleurs ce \u00abthink tank\u00bb royal nous a habitu\u00e9s \u00e0 des rapports de bonne facture et cette derni\u00e8re publication est loin de faire l\u2019exception.<\/p>\n<p>Comme il est difficile, voire impossible, de passer en revue l\u2019ensemble des indicateurs, contentons-nous \u00e0 titre illustratif d\u2019en pr\u00e9senter, trois cas\u00a0: un cas dans lequel le pays a enregistr\u00e9 un recul\u00a0; un deuxi\u00e8me cas dans lequel il a stagn\u00e9\u00a0;\u00a0 un troisi\u00e8me cas o\u00f9 il a r\u00e9alis\u00e9\u00a0 un progr\u00e8s.<\/p>\n<p>Le premier indicateur est relatif au taux de d\u00e9pendance des importations\u00a0 en c\u00e9r\u00e9ales. Ainsi, on est pass\u00e9 d\u2019un taux de d\u00e9pendance mod\u00e9r\u00e9 de 14% au cours des ann\u00e9es 60 du si\u00e8cle dernier \u00e0 pr\u00e8s de 32% au cours des ann\u00e9es 80 pour grimper \u00e0 43% au cours des deux derni\u00e8res d\u00e9cennies. La mise en \u0153uvre du Plan Maroc Vert, \u00a0\u00e0 partir de 2008, n\u2019a \u00a0rien pu faire et tel n\u2019\u00e9tait pas son objectif du reste.<\/p>\n<p>C\u2019est ce que dit l\u2019IRES \u00e0 sa mani\u00e8re dans son commentaire\u00a0\u00abUne accentuation, sur le long terme, de la d\u00e9pendance ext\u00e9rieure en c\u00e9r\u00e9ales en raison de l\u2019augmentation de la population et de la fr\u00e9quence \u00e9lev\u00e9e des s\u00e9cheresses. Les marges importantes de progr\u00e8s techniques, si elles \u00e9taient mobilis\u00e9es, pourraient compenser largement les effets n\u00e9gatifs du changement climatique, notamment la d\u00e9gradation des bases productives\u00bb.<\/p>\n<p>Le deuxi\u00e8me indicateur porte sur la vie en soci\u00e9t\u00e9. S\u2019il faut se f\u00e9liciter de l\u2019attachement in\u00e9branlable des Marocains \u00e0 la Nation dans toutes ses composantes, lequel attachement est \u00e0 son niveau maximum, force est de relever les liens de m\u00e9fiance qui\u00a0 caract\u00e9risent les Marocains entre eux. Sur ce plan, on constate un manque de confiance qui se d\u00e9grade d\u2019ann\u00e9e en ann\u00e9e et la prudence reste de mise.<\/p>\n<p>Les domaines dans lesquels le pays enregistre des progr\u00e8s sont heureusement plus nombreux que ceux dans lesquels il stagne ou recule.\u00a0 Pour illustrer ces cas de r\u00e9ussite, on a choisi la\u00a0 s\u00e9curit\u00e9 du pays, et plus concr\u00e8tement \u00abl\u2019indice global de terrorisme\u00bb. Le commentaire de l\u2019IRES est on ne peut plus tranch\u00e9: \u00abUn positionnement international favorable du Royaume du Maroc au niveau de cet indice, traduisant son engagement actif dans la lutte contre le terrorisme et ses choix de soci\u00e9t\u00e9, ax\u00e9s sur l\u2019ouverture et la promotion d\u2019un Islam mod\u00e9r\u00e9 et tol\u00e9rant. En outre, la modernisation du dispositif s\u00e9curitaire national et la mise en place du Bureau Central des Investigations Judiciaires ont permis de renforcer davantage les capacit\u00e9s anticipatives du Maroc en mati\u00e8re de lutte contre le terrorisme et le crime organis\u00e9\u00bb (p.28). Bien s\u00fbr, on n\u2019est jamais enti\u00e8rement \u00e0 l\u2019abri d\u2019une menace terroriste. Et s\u2019il y a un domaine o\u00f9 la veille doit \u00eatre permanente c\u2019est\u00a0 bien celui- l\u00e0.<\/p>\n<p>Ces cas pr\u00e9sent\u00e9s bri\u00e8vement doivent inciter, esp\u00e9rons-le, \u00e0 une lecture attentive dudit rapport et en premier lieu par les d\u00e9cideurs publics, les op\u00e9rateurs \u00e9conomiques et les acteurs politiques. Le gouvernement est particuli\u00e8rement sollicit\u00e9 \u00e0 en prendre connaissance pour se pencher sur les raisons\u00a0 du recul\u00a0 de l\u2019efficacit\u00e9 de son action mis en exergue\u00a0 dans le document (p.59).<\/p>\n<p>Auteur: M&rsquo;hammed rahal<br \/>\n<a href=\"http:\/\/albayane.press.ma\/mi-figue-mi-raisin%EF%BB%BF.html\">Cliquez ici pour lire l&rsquo;article depuis sa source.<\/a><\/p>\n","protected":false},"excerpt":{"rendered":"<p>Par : Abdeslam Seddiki Mi-figue, mi-raisin, telle est l\u2019impression qui se d\u00e9gage\u00a0 du dernier rapport que vient de publier l\u2019IRES (Institut Royal des Etudes Strat\u00e9giques) sur \u00abEvolution du \u00a0positionnement International\u00a0 du Maroc\u00bb. Ce tableau de bord strat\u00e9gique, qui est \u00e0 sa 7\u00e8me \u00e9dition, \u00a0constitue, de l\u2019avis de ses r\u00e9dacteurs, \u00abun outil permettant de donner un [&hellip;]<\/p>\n","protected":false},"author":1760,"featured_media":0,"comment_status":"closed","ping_status":"closed","sticky":false,"template":"","format":"standard","meta":{"fifu_image_url":"","fifu_image_alt":"","footnotes":""},"categories":[73,54],"tags":[],"class_list":["post-68675","post","type-post","status-publish","format-standard","hentry","category-actualite","category-maroc"],"_links":{"self":[{"href":"https:\/\/linitiative.ca\/International\/wp-json\/wp\/v2\/posts\/68675","targetHints":{"allow":["GET"]}}],"collection":[{"href":"https:\/\/linitiative.ca\/International\/wp-json\/wp\/v2\/posts"}],"about":[{"href":"https:\/\/linitiative.ca\/International\/wp-json\/wp\/v2\/types\/post"}],"author":[{"embeddable":true,"href":"https:\/\/linitiative.ca\/International\/wp-json\/wp\/v2\/users\/1760"}],"replies":[{"embeddable":true,"href":"https:\/\/linitiative.ca\/International\/wp-json\/wp\/v2\/comments?post=68675"}],"version-history":[{"count":0,"href":"https:\/\/linitiative.ca\/International\/wp-json\/wp\/v2\/posts\/68675\/revisions"}],"wp:attachment":[{"href":"https:\/\/linitiative.ca\/International\/wp-json\/wp\/v2\/media?parent=68675"}],"wp:term":[{"taxonomy":"category","embeddable":true,"href":"https:\/\/linitiative.ca\/International\/wp-json\/wp\/v2\/categories?post=68675"},{"taxonomy":"post_tag","embeddable":true,"href":"https:\/\/linitiative.ca\/International\/wp-json\/wp\/v2\/tags?post=68675"}],"curies":[{"name":"wp","href":"https:\/\/api.w.org\/{rel}","templated":true}]}}