{"id":68676,"date":"2019-11-27T06:21:33","date_gmt":"2019-11-27T11:21:33","guid":{"rendered":"https:\/\/linitiative.ca\/International\/hakimi-et-ziyech-dans-une-short-list-dominee-par-les-stars-de-la-premier-league\/"},"modified":"2019-11-27T06:21:33","modified_gmt":"2019-11-27T11:21:33","slug":"hakimi-et-ziyech-dans-une-short-list-dominee-par-les-stars-de-la-premier-league","status":"publish","type":"post","link":"https:\/\/linitiative.ca\/International\/hakimi-et-ziyech-dans-une-short-list-dominee-par-les-stars-de-la-premier-league\/","title":{"rendered":"Hakimi et Ziyech dans une short-list domin\u00e9e par les stars de la Premier League"},"content":{"rendered":"<p class=\"has-text-color has-vivid-cyan-blue-color\"><strong>La Conf\u00e9d\u00e9ration africaine de football (CAF) a d\u00e9voil\u00e9 dimanche dernier la liste des joueurs nomin\u00e9s pour le titre du meilleur joueur du continent noir pour 2019.<\/strong><\/p>\n<p>Deux joueurs marocains sont en lice pour cette prestigieuse comp\u00e9tition\u00a0 Contrairement \u00e0 l\u2019ann\u00e9e pr\u00e9c\u00e9dente,\u00a0 le Maroc y est repr\u00e9sent\u00e9 seulement par deux joueurs, Achraf Hakimi, soci\u00e9taire du Brussia Dortmund et la star de Ajax Amsterdam, Hakim Ziyech. Il faut dire qu\u2019il s\u2019agit d\u2019une nette\u00a0 r\u00e9gression par rapport \u00e0 2018 o\u00f9 cinq joueurs marocains figuraient sur la short-list dont deux \u00e9voluaient au championnat national, \u00e0 savoir Mahmoud Benhalib, du Raja de Casablanca et Ismail Haddad, lat\u00e9ral gauche du WAC.<\/p>\n<p>Ce dernier a \u00e9t\u00e9 m\u00eame rel\u00e9gu\u00e9 cette ann\u00e9e \u00e0 la liste des meilleurs joueurs africains interclubs \u00e0 c\u00f4t\u00e9 de son comp\u00e8re\u00a0 Walid El Karti.<\/p>\n<p>Evidemment,\u00a0 la mauvaise prestation des Lions de l\u2019Atlas \u00e0 la CAN 2019 en Egypte,\u00a0 y sont s\u00fbrement pour quelques choses. Autre constat qui s\u2019impose, c\u2019est que les joueurs \u00e9voluant dans les grandes formations europ\u00e9ennes ont largement domin\u00e9 les choix effectu\u00e9s par les professionnels du ballon rond de la CAF,\u00a0 soit 22 clubs au total.<\/p>\n<p>Autre point non moins important, la liste est cat\u00e9goriquement domin\u00e9e par des joueurs issus de la Premier League anglaise, avec la pr\u00e9sence de neuf candidats alors que l\u2019Afrique est pauvrement\u00a0 repr\u00e9sent\u00e9 par trois noms.<\/p>\n<p>Notons au final que le coach de la RSB\u00a0 Mounir Jaouani, finaliste de la coupe de la CAF a \u00e9t\u00e9 s\u00e9lectionn\u00e9 \u00a0pour le prix du meilleur technicien africain de l\u2019ann\u00e9e.<\/p>\n<p class=\"c2\"><strong>Khalid Darfaf<\/strong><\/p>\n<p>Auteur: M&rsquo;hammed rahal<br \/>\n<a href=\"http:\/\/albayane.press.ma\/hakimi-et-ziyech-dans-une-short-list-dominee-par-les-stars-de-la-premier-league.html\">Cliquez ici pour lire l&rsquo;article depuis sa source.<\/a><\/p>\n","protected":false},"excerpt":{"rendered":"<p>La Conf\u00e9d\u00e9ration africaine de football (CAF) a d\u00e9voil\u00e9 dimanche dernier la liste des joueurs nomin\u00e9s pour le titre du meilleur joueur du continent noir pour 2019. Deux joueurs marocains sont en lice pour cette prestigieuse comp\u00e9tition\u00a0 Contrairement \u00e0 l\u2019ann\u00e9e pr\u00e9c\u00e9dente,\u00a0 le Maroc y est repr\u00e9sent\u00e9 seulement par deux joueurs, Achraf Hakimi, soci\u00e9taire du Brussia Dortmund [&hellip;]<\/p>\n","protected":false},"author":1760,"featured_media":0,"comment_status":"closed","ping_status":"closed","sticky":false,"template":"","format":"standard","meta":{"fifu_image_url":"","fifu_image_alt":"","footnotes":""},"categories":[73,54],"tags":[],"class_list":["post-68676","post","type-post","status-publish","format-standard","hentry","category-actualite","category-maroc"],"_links":{"self":[{"href":"https:\/\/linitiative.ca\/International\/wp-json\/wp\/v2\/posts\/68676","targetHints":{"allow":["GET"]}}],"collection":[{"href":"https:\/\/linitiative.ca\/International\/wp-json\/wp\/v2\/posts"}],"about":[{"href":"https:\/\/linitiative.ca\/International\/wp-json\/wp\/v2\/types\/post"}],"author":[{"embeddable":true,"href":"https:\/\/linitiative.ca\/International\/wp-json\/wp\/v2\/users\/1760"}],"replies":[{"embeddable":true,"href":"https:\/\/linitiative.ca\/International\/wp-json\/wp\/v2\/comments?post=68676"}],"version-history":[{"count":0,"href":"https:\/\/linitiative.ca\/International\/wp-json\/wp\/v2\/posts\/68676\/revisions"}],"wp:attachment":[{"href":"https:\/\/linitiative.ca\/International\/wp-json\/wp\/v2\/media?parent=68676"}],"wp:term":[{"taxonomy":"category","embeddable":true,"href":"https:\/\/linitiative.ca\/International\/wp-json\/wp\/v2\/categories?post=68676"},{"taxonomy":"post_tag","embeddable":true,"href":"https:\/\/linitiative.ca\/International\/wp-json\/wp\/v2\/tags?post=68676"}],"curies":[{"name":"wp","href":"https:\/\/api.w.org\/{rel}","templated":true}]}}