{"id":68677,"date":"2019-11-27T04:26:34","date_gmt":"2019-11-27T09:26:34","guid":{"rendered":"https:\/\/linitiative.ca\/International\/justice-transitionnelle-a-bizerte-proces-reporte-au-27-janvier-2020\/"},"modified":"2019-11-27T04:26:34","modified_gmt":"2019-11-27T09:26:34","slug":"justice-transitionnelle-a-bizerte-proces-reporte-au-27-janvier-2020","status":"publish","type":"post","link":"https:\/\/linitiative.ca\/International\/justice-transitionnelle-a-bizerte-proces-reporte-au-27-janvier-2020\/","title":{"rendered":"Justice transitionnelle \u00e0 Bizerte : Proc\u00e8s report\u00e9 au 27 janvier 2020"},"content":{"rendered":"<p>La juridiction p\u00e9nale de la justice transitionnelle de Bizerte a report\u00e9 au 27 janvier 2020 la deuxi\u00e8me audience, ouverte lundi au tribunal de premi\u00e8re instance de Bizerte, en pr\u00e9sence de 48 victimes de violences physiques perp\u00e9tr\u00e9es sous l\u2019ancien r\u00e9gime, ainsi que des familles des personnes d\u00e9c\u00e9d\u00e9es, afin d\u2019entendre le reste des victimes.<\/p>\n<p>L\u2019audience de lundi n\u2019a port\u00e9 que sur 14 victimes et un seul des 35 accus\u00e9s dans ses affaires de violations flagrantes des droits de l\u2019Homme a assist\u00e9 \u00e0 l\u2019audience, \u00e0 savoir le directeur g\u00e9n\u00e9ral de la S\u00e9curit\u00e9 nationale, avant la r\u00e9volution du 14 janvier, Ali Seriati.<\/p>\n<p>Dans sa d\u00e9fense pour les charges \u00e0 son encontre, Seriati a affirm\u00e9 que dans les ann\u00e9es 1990, il \u00e9tait directeur g\u00e9n\u00e9ral de la s\u00e9curit\u00e9 nationale et qu\u2019il disposait alors de deux d\u00e9partements de la s\u00e9curit\u00e9, celui de la s\u00e9curit\u00e9 publique et celui des unit\u00e9s d\u2019intervention, et que des questions de nature particuli\u00e8re concernant le mouvement Ennahdha, relevaient du d\u00e9partement r\u00e9gionaux comp\u00e9tents, sous l\u2019autorit\u00e9 du d\u00e9partement g\u00e9n\u00e9ral des services sp\u00e9cialis\u00e9s sur lesquels, selon lui, il n\u2019avait pas d\u2019autorit\u00e9.<\/p>\n<p>\u00ab S\u2019il est prouv\u00e9 qu\u2019un agent de s\u00e9curit\u00e9 affili\u00e9 aux d\u00e9partements de s\u00e9curit\u00e9 publique ou des unit\u00e9s d\u2019intervention, que je supervisais \u00e0 l\u2019\u00e9poque, \u00e7a ne pouvait \u00eatre qu\u2019un acte individuel sans plus \u00bb, a-t-il encore estim\u00e9.<\/p>\n<p>La chambre criminelle pour la justice transitionnelle, parall\u00e8lement au report de l\u2019audience de lundi au 27 janvier, a \u00e9galement d\u00e9cid\u00e9 de tenir un \u00ab proc\u00e8s personnel \u00bb pour Seriati le 23 d\u00e9cembre, en attendant la programmation d\u2019une audience \u00e0 huis clos pour quatre femmes \u00e0 leur demande pour pr\u00e9senter leurs r\u00e9cits des agressions sexuelles dont elles avaient \u00e9t\u00e9 victimes, indique-t-on de m\u00eame source.<\/p>\n<p>L\u2019audience de lundi s\u2019est d\u00e9roul\u00e9e en pr\u00e9sence d\u2019un grand nombre de composantes de la soci\u00e9t\u00e9 civile et de personnalit\u00e9s politiques et parlementaires, ainsi que des avocats des victimes.<\/p>\n<p>Dans le m\u00eame contexte, une grande tente a \u00e9t\u00e9 \u00e9rig\u00e9e devant le tribunal de premi\u00e8re instance de Bizerte, organis\u00e9e par l\u2019Association internationale pour le soutien aux prisonniers politiques \u00e0 Bizerte, dans laquelle des photographies de victimes de la tyrannie sous l\u2019ancien r\u00e9gime ont \u00e9t\u00e9 expos\u00e9es ainsi que des documents qui d\u00e9voilent les horreurs des violations des droits de l\u2019homme subies par les d\u00e9tenus. Un hommage a \u00e9t\u00e9 rendu d\u2019autre part \u00e0 une des victimes, Basma Belai, originaire de Menzel Bouzelfa, qui souffre toujours des s\u00e9quelles de la torture et des mauvaises conditions de son emprisonnement, selon le pr\u00e9sident de l\u2019Association internationale de soutien aux prisonniers politiques \u00e0 Bizerte, Souad Hajji.<\/p>\n<p class=\"dpsp-share-text\">Partager c&rsquo;est aimer!<\/p>\n<div class=\"wp-post-author-wrap wp-post-author-shortcode left\">\n<h3 class=\"awpa-title\"\/>\n<div class=\"wp-post-author\">\n<div class=\"awpa-img awpa-author-block square\"><a href=\"http:\/\/lexpertjournal.net\/fr\/author\/expert\/\"><img loading=\"lazy\" decoding=\"async\" alt=\"\" src=\"http:\/\/2.gravatar.com\/avatar\/56d99be2a6f97af88ccb49fada637fcd?s=150&#038;d=mm&#038;r=g\" srcset=\"http:\/\/2.gravatar.com\/avatar\/56d99be2a6f97af88ccb49fada637fcd?s=300&#038;d=mm&#038;r=g 2x\" class=\"avatar avatar-150 photo\" height=\"150\" width=\"150\"\/><\/a><\/div>\n<\/div>\n<\/div>\n<p>Auteur: L&rsquo;expert<br \/>\n<a href=\"http:\/\/lexpertjournal.net\/fr\/2019\/11\/27\/justice-transitionnelle-a-bizerte-proces-reporte-au-27-janvier-2020\/\">Cliquez ici pour lire l&rsquo;article depuis sa source.<\/a><\/p>\n","protected":false},"excerpt":{"rendered":"<p>La juridiction p\u00e9nale de la justice transitionnelle de Bizerte a report\u00e9 au 27 janvier 2020 la deuxi\u00e8me audience, ouverte lundi au tribunal de premi\u00e8re instance de Bizerte, en pr\u00e9sence de 48 victimes de violences physiques perp\u00e9tr\u00e9es sous l\u2019ancien r\u00e9gime, ainsi que des familles des personnes d\u00e9c\u00e9d\u00e9es, afin d\u2019entendre le reste des victimes. L\u2019audience de lundi [&hellip;]<\/p>\n","protected":false},"author":1775,"featured_media":0,"comment_status":"closed","ping_status":"closed","sticky":false,"template":"","format":"standard","meta":{"fifu_image_url":"","fifu_image_alt":"","footnotes":""},"categories":[78,55],"tags":[],"class_list":["post-68677","post","type-post","status-publish","format-standard","hentry","category-economie","category-tunisie"],"_links":{"self":[{"href":"https:\/\/linitiative.ca\/International\/wp-json\/wp\/v2\/posts\/68677","targetHints":{"allow":["GET"]}}],"collection":[{"href":"https:\/\/linitiative.ca\/International\/wp-json\/wp\/v2\/posts"}],"about":[{"href":"https:\/\/linitiative.ca\/International\/wp-json\/wp\/v2\/types\/post"}],"author":[{"embeddable":true,"href":"https:\/\/linitiative.ca\/International\/wp-json\/wp\/v2\/users\/1775"}],"replies":[{"embeddable":true,"href":"https:\/\/linitiative.ca\/International\/wp-json\/wp\/v2\/comments?post=68677"}],"version-history":[{"count":0,"href":"https:\/\/linitiative.ca\/International\/wp-json\/wp\/v2\/posts\/68677\/revisions"}],"wp:attachment":[{"href":"https:\/\/linitiative.ca\/International\/wp-json\/wp\/v2\/media?parent=68677"}],"wp:term":[{"taxonomy":"category","embeddable":true,"href":"https:\/\/linitiative.ca\/International\/wp-json\/wp\/v2\/categories?post=68677"},{"taxonomy":"post_tag","embeddable":true,"href":"https:\/\/linitiative.ca\/International\/wp-json\/wp\/v2\/tags?post=68677"}],"curies":[{"name":"wp","href":"https:\/\/api.w.org\/{rel}","templated":true}]}}